{"id":2156,"date":"2017-04-09T11:06:45","date_gmt":"2017-04-09T11:06:45","guid":{"rendered":"https:\/\/www.bibelmuseum.no\/wordpress\/?p=2156"},"modified":"2018-04-25T11:06:56","modified_gmt":"2018-04-25T11:06:56","slug":"valdensermenigheten-del-16","status":"publish","type":"post","link":"https:\/\/www.bibelmuseum.no\/wordpress\/valdensermenigheten-del-16\/","title":{"rendered":"Valdensermenigheten.  Del 16."},"content":{"rendered":"<figure id=\"attachment_2158\" aria-describedby=\"caption-attachment-2158\" style=\"width: 260px\" class=\"wp-caption alignright\"><a href=\"http:\/\/www.bibelmuseum.no\/wordpress\/wp-content\/uploads\/2018\/04\/127S354aboveBobbioPellice.jpg\"><img loading=\"lazy\" decoding=\"async\" class=\"wp-image-2158\" src=\"http:\/\/www.bibelmuseum.no\/wordpress\/wp-content\/uploads\/2018\/04\/127S354aboveBobbioPellice-1024x825.jpg\" alt=\"\" width=\"260\" height=\"209\" srcset=\"https:\/\/www.bibelmuseum.no\/wordpress\/wp-content\/uploads\/2018\/04\/127S354aboveBobbioPellice-1024x825.jpg 1024w, https:\/\/www.bibelmuseum.no\/wordpress\/wp-content\/uploads\/2018\/04\/127S354aboveBobbioPellice-300x242.jpg 300w, https:\/\/www.bibelmuseum.no\/wordpress\/wp-content\/uploads\/2018\/04\/127S354aboveBobbioPellice-768x619.jpg 768w, https:\/\/www.bibelmuseum.no\/wordpress\/wp-content\/uploads\/2018\/04\/127S354aboveBobbioPellice-150x121.jpg 150w, https:\/\/www.bibelmuseum.no\/wordpress\/wp-content\/uploads\/2018\/04\/127S354aboveBobbioPellice-696x561.jpg 696w, https:\/\/www.bibelmuseum.no\/wordpress\/wp-content\/uploads\/2018\/04\/127S354aboveBobbioPellice-1068x861.jpg 1068w, https:\/\/www.bibelmuseum.no\/wordpress\/wp-content\/uploads\/2018\/04\/127S354aboveBobbioPellice-521x420.jpg 521w, https:\/\/www.bibelmuseum.no\/wordpress\/wp-content\/uploads\/2018\/04\/127S354aboveBobbioPellice.jpg 1328w\" sizes=\"auto, (max-width: 260px) 100vw, 260px\" \/><\/a><figcaption id=\"caption-attachment-2158\" class=\"wp-caption-text\">Over Bobbio, Pellice<\/figcaption><\/figure>\n<p><span class=\"fontstyle0\">Valdenserne er etterkommerne til \ufb02yktningene fra Italia, som etter at apostelen Paulus hadde<br \/>\nforkynt evangeliet der, forlot sitt vakre land og dro opp i fellene, slik \u00c5penbaringsboken<br \/>\nbeskriver. \u00abKvinnen\u00bb (som den rene og sanntroende menigheten), \ufb02yktet til \u00f8demarken, \u00c5p.<br \/>\n12:6.14, hvor Gud beskyttet den, og disse trofaste overleverte det sanne evangelium fra far til<br \/>\ns\u00f8nn, et budskap med den samme enkelhet og renhet som det evangelium Paulus<br \/>\nforkynte. (1)<br \/>\nForrige kapittel synliggjorde valdensernes historie f\u00f8r og opp til Peter Waldos<br \/>\ntid. Han ga ny impuls til menigheten, ved \u00e5 gi dem som nektet \u00e5 samarbeide med<br \/>\nRom, et nytt verkt\u00f8y gjennom moderne utgaver av Bibelen p\u00e5 deres eget spr\u00e5k.\u00a0 Som alltid er tilfelle, n\u00e5r Bibelen blir popul\u00e6r blant legfolket, blir de engasjerte i evangelisk arbeid. Derfor kan Peter Waldo gis kredit for den \u00f8kende inn\ufb02ytelsen som valdenserne fkk. Naturlig nok gikk det ikke lenge f\u00f8r han fkk oppleve<br \/>\npavekirkens vrede. N\u00e5r han ble forfulgt, dro han til Nord Frankrike for \u00e5 kunne<br \/>\nfortsette sitt arbeid, og havnet til slutt i Bohemia. N\u00e5r forf\u00f8lgelsen etter hvert<br \/>\nrettet seg mot dem han hadde omvendt, var det mange som i all hast dro til<br \/>\nvaldenserdalene i Italia. Da Peter Waldo senere reiste til det sentrale \u00d8st-Europa,<br \/>\nbeskyttet Herren mange av hans etterf\u00f8lgere i de \u00f8de fellomr\u00e5dene.<br \/>\nSannhetens s\u00e6d som allerede var s\u00e5dd begynte \u00e5 vokse til en rik h\u00f8st. I det tolvte<br \/>\n\u00e5rhundre var det en lengsel \u00e5 spore i hele Europa, etter en kristendom som var lik<br \/>\nden Jesus forkynte, da han sa \u00abdere er alle br\u00f8dre\u00bb, Matt. 23:8. Pavekirken, som<br \/>\nmed pomp, prakt og seremonier, lagde en gulf mellom presteskapet og folket.<br \/>\nKirken delte de geistlige inn i et hierarki med titler, verdslig makt og posisjoner,<br \/>\nog hele systemet ble mer og mer mislikt av folk \ufb02est.<br \/>\nKirkens anstrengelser med \u00e5 lage lover som p\u00e5tvang religi\u00f8se dogmer, ble etter hvert<br \/>\nm\u00f8tt med oppr\u00f8r. Kopier av Skriften p\u00e5 folks eget spr\u00e5k ble sirkulert. Mennesker<br \/>\nkunne n\u00e5 sammenligne Bibelens l\u00e6re med kirkens trospunkter og forskrifter.<br \/>\nMengdene ble derfor oppmerksomme p\u00e5 en ekte kristendom, uten pavekirkens<br \/>\ntilf\u00f8yelser, og de slo seg sammen i ulike grupper. De ble gitt navn som albigenserne,<br \/>\ncatharene og passagians, men disse navnene synes \u00e5 smuldre opp n\u00e5r mange av<br \/>\ndem etter hvert tok eller f kk det generelle navnet valdensere. (2)<br \/>\nVi ser ogs\u00e5 at presteskapet, som hadde alliert seg med konger og generaler, var<br \/>\nbestemt p\u00e5 \u00e5 holde fast ved sin verdslige makt og inn\ufb02ytelse, som ga dem posisjoner<br \/>\nog autoritet. Deres aggresjon var s\u00e5 synlig at folket ikke lenger kunne se forskjell<br \/>\np\u00e5 verdslig ondskap og statskirkens brutale makt og kjetterdogmer. Systemets<br \/>\nfors\u00f8k p\u00e5 \u00e5 stemple mennesker som kriminelle fordi de etterlyste religi\u00f8se frihet,<br \/>\nm\u00f8tte mye motstand. Resultatet var at navnet valdenserne utviklet seg i Europa<br \/>\n<\/span> <span class=\"fontstyle0\">til \u00e5 bli synonymt med det nye testamentets sanne kristendom, som Jesus<br \/>\nog apostlene forkynte. At valdenserne m\u00e5tte lide p\u00e5 grunn av forf\u00f8lgelsene, er godt kjent i historien, og deres utholdenhet og seier<br \/>\nkan bare kalles et mirakel. Mye av friheten, opplysningen og aksept av demokratiske prinsipper som vi i dag<br \/>\ntar for gitt, kan vi takke den trofasthet kirken i \u00f8demarken for.<br \/>\n<\/span><\/p>\n<p>&nbsp;<\/p>\n<p><span class=\"fontstyle2\" style=\"font-size: 18pt;\">\u00d8delagte kilder.<\/span><\/p>\n<figure id=\"attachment_2159\" aria-describedby=\"caption-attachment-2159\" style=\"width: 263px\" class=\"wp-caption alignright\"><a href=\"http:\/\/www.bibelmuseum.no\/wordpress\/wp-content\/uploads\/2018\/04\/Massacre_of_the_Vaudois_of_Merindol.jpg\"><img loading=\"lazy\" decoding=\"async\" class=\"wp-image-2159\" src=\"http:\/\/www.bibelmuseum.no\/wordpress\/wp-content\/uploads\/2018\/04\/Massacre_of_the_Vaudois_of_Merindol-828x1024.jpg\" alt=\"\" width=\"263\" height=\"325\" srcset=\"https:\/\/www.bibelmuseum.no\/wordpress\/wp-content\/uploads\/2018\/04\/Massacre_of_the_Vaudois_of_Merindol-828x1024.jpg 828w, https:\/\/www.bibelmuseum.no\/wordpress\/wp-content\/uploads\/2018\/04\/Massacre_of_the_Vaudois_of_Merindol-242x300.jpg 242w, https:\/\/www.bibelmuseum.no\/wordpress\/wp-content\/uploads\/2018\/04\/Massacre_of_the_Vaudois_of_Merindol-768x950.jpg 768w, https:\/\/www.bibelmuseum.no\/wordpress\/wp-content\/uploads\/2018\/04\/Massacre_of_the_Vaudois_of_Merindol-1241x1536.jpg 1241w, https:\/\/www.bibelmuseum.no\/wordpress\/wp-content\/uploads\/2018\/04\/Massacre_of_the_Vaudois_of_Merindol-1655x2048.jpg 1655w, https:\/\/www.bibelmuseum.no\/wordpress\/wp-content\/uploads\/2018\/04\/Massacre_of_the_Vaudois_of_Merindol-150x186.jpg 150w, https:\/\/www.bibelmuseum.no\/wordpress\/wp-content\/uploads\/2018\/04\/Massacre_of_the_Vaudois_of_Merindol-300x371.jpg 300w, https:\/\/www.bibelmuseum.no\/wordpress\/wp-content\/uploads\/2018\/04\/Massacre_of_the_Vaudois_of_Merindol-324x400.jpg 324w, https:\/\/www.bibelmuseum.no\/wordpress\/wp-content\/uploads\/2018\/04\/Massacre_of_the_Vaudois_of_Merindol-696x861.jpg 696w, https:\/\/www.bibelmuseum.no\/wordpress\/wp-content\/uploads\/2018\/04\/Massacre_of_the_Vaudois_of_Merindol-1068x1321.jpg 1068w, https:\/\/www.bibelmuseum.no\/wordpress\/wp-content\/uploads\/2018\/04\/Massacre_of_the_Vaudois_of_Merindol-1920x2376.jpg 1920w, https:\/\/www.bibelmuseum.no\/wordpress\/wp-content\/uploads\/2018\/04\/Massacre_of_the_Vaudois_of_Merindol-339x420.jpg 339w, https:\/\/www.bibelmuseum.no\/wordpress\/wp-content\/uploads\/2018\/04\/Massacre_of_the_Vaudois_of_Merindol.jpg 2040w\" sizes=\"auto, (max-width: 263px) 100vw, 263px\" \/><\/a><figcaption id=\"caption-attachment-2159\" class=\"wp-caption-text\">Massakren av Vaudois av Merindol<\/figcaption><\/figure>\n<p><span class=\"fontstyle2\"><br \/>\n<\/span><span class=\"fontstyle0\">\u00c5 forf\u00f8lge ved landsforvisning, fengsel eller drap, var ikke den eneste metoden<br \/>\npavekirken benyttet for \u00e5 drive krig mot de bibeltro kristne. Den skrevne historien<br \/>\nom disse trofaste ble ogs\u00e5 s\u00f8kt \u00f8delagt p\u00e5 en systematisk m\u00e5te. I oldtiden var<br \/>\ndet vanlig at en ny hersker \u00f8dela alt som var skrevet av og om sin forgjenger. De<br \/>\nmeislet til og med bort alt som var inngravert p\u00e5 minnesteiner om konger som<br \/>\nregjerte f\u00f8r dem. P\u00e5 samme m\u00e5te ble nesten all litteratur som omtalte valdenserne<br \/>\np\u00e5 b\u00e5de italiensk, fransk og p\u00e5 det spanske spr\u00e5k, \u00f8delagt av pavemakten. (3)<br \/>\nBare mindre fragmenter er blitt bevart for ettertiden. Likevel kan mye av deres<br \/>\nhistorie bli rekonstruert ved \u00e5 lese rapportene som den katolske kirke har gjort<br \/>\ntilgjengelig, i et fors\u00f8k p\u00e5 \u00e5 sverte dem. Ved \u00e5 studere inkvisisjonens anklager,<br \/>\ndetaljene i rettsakene, dommene mot dem og pavekirkens erkl\u00e6ringer, kan vi f\u00e5<br \/>\net innblikk i deres historie, b\u00e5de deres tro og utbredelse.<br \/>\n<\/span><\/p>\n<p>&nbsp;<\/p>\n<p><span class=\"fontstyle2\"><span style=\"font-size: 18pt;\">Valdensernes kunnskap.<\/span><\/span><\/p>\n<figure id=\"attachment_2160\" aria-describedby=\"caption-attachment-2160\" style=\"width: 420px\" class=\"wp-caption alignright\"><a href=\"http:\/\/www.bibelmuseum.no\/wordpress\/wp-content\/uploads\/2018\/04\/127S345WaldensianCollegeoftheBarbspastors.jpg\"><img loading=\"lazy\" decoding=\"async\" class=\"wp-image-2160\" src=\"http:\/\/www.bibelmuseum.no\/wordpress\/wp-content\/uploads\/2018\/04\/127S345WaldensianCollegeoftheBarbspastors-1024x800.jpg\" alt=\"\" width=\"420\" height=\"328\" srcset=\"https:\/\/www.bibelmuseum.no\/wordpress\/wp-content\/uploads\/2018\/04\/127S345WaldensianCollegeoftheBarbspastors-1024x800.jpg 1024w, https:\/\/www.bibelmuseum.no\/wordpress\/wp-content\/uploads\/2018\/04\/127S345WaldensianCollegeoftheBarbspastors-300x234.jpg 300w, https:\/\/www.bibelmuseum.no\/wordpress\/wp-content\/uploads\/2018\/04\/127S345WaldensianCollegeoftheBarbspastors-768x600.jpg 768w, https:\/\/www.bibelmuseum.no\/wordpress\/wp-content\/uploads\/2018\/04\/127S345WaldensianCollegeoftheBarbspastors-150x117.jpg 150w, https:\/\/www.bibelmuseum.no\/wordpress\/wp-content\/uploads\/2018\/04\/127S345WaldensianCollegeoftheBarbspastors-696x544.jpg 696w, https:\/\/www.bibelmuseum.no\/wordpress\/wp-content\/uploads\/2018\/04\/127S345WaldensianCollegeoftheBarbspastors-1068x834.jpg 1068w, https:\/\/www.bibelmuseum.no\/wordpress\/wp-content\/uploads\/2018\/04\/127S345WaldensianCollegeoftheBarbspastors-538x420.jpg 538w, https:\/\/www.bibelmuseum.no\/wordpress\/wp-content\/uploads\/2018\/04\/127S345WaldensianCollegeoftheBarbspastors.jpg 1344w\" sizes=\"auto, (max-width: 420px) 100vw, 420px\" \/><\/a><figcaption id=\"caption-attachment-2160\" class=\"wp-caption-text\">Valdensisk College for pastorer (Barbes)<\/figcaption><\/figure>\n<p><span class=\"fontstyle2\"><br \/>\n<\/span><span class=\"fontstyle0\">Valdensernes pastorer og l\u00e6rere hadde tydeligvis en solid utdanning. Som en korrigering til kirkens nedsettende anklager mot dem, noterer historieskriveren Alexis\u00a0 Muston: \u00abValdenserne hadde pastorer som hadde sv\u00e6rt h\u00f8y kompetanse. De \ufb02este<br \/>\nbehersket de bibelske spr\u00e5kene (hebraisk og gresk). De var meget arbeidsomme og oversatte for sine elever skriftene til deres lokale spr\u00e5k. (4) S.V. Bompiani skriver at mange av disse oversatte manuskriptene gikk tapt under de stadige<br \/>\nforf\u00f8lgelsene i det 17. \u00e5rhundre, og bare de b\u00f8kene og dokumentene som pastor Leger fkk sendt<br \/>\ntil bibliotekene i Cambridge og Geneva, ble bevart. Etter hver forf\u00f8lgelseskampanje mot valdenserne, var pavekirken<br \/>\nn\u00f8ye med \u00e5 \u00f8delegge all litteratur den fkk tak i. Siden de trofaste kristne gjennom hele<br \/>\nden m\u00f8rke middelalder, ikke hadde mulighet til \u00e5 ha en synlig menighet og ble tvunget til \u00e5 samles i hytter<br \/>\nog f ellhuler, var deres grundige kjennskap til Bibelens innhold en n\u00f8dvendighet.<br \/>\nValdensernes skoler var lokaliserte i nesten utilgjengelig og \u00f8de fellomr\u00e5de som<br \/>\nhet Pra del Tor, og de grundige og langvarige studiene som elevene ble tilbudt,<br \/>\ni tillegg til Bibelens grunnspr\u00e5k, inkluderte b\u00e5de latin, romansk og italiensk. (5)<br \/>\nAlexis Muston skriver ogs\u00e5: \u00abOvertro som \u00f8delegger den moralske og religi\u00f8se<br \/>\noppfatning, kaster sin skygge over menneskets evne til \u00e5 resonnere, mens evangeliets lys h\u00f8yner og renser sinnets krefter\u00bb. At dette er riktig, bekrefter historien om valdenserne, for blant dem fnner vi det beste innen moderne litteratur som<br \/>\nvar skrevet p\u00e5 folks vanlige spr\u00e5k. De benyttet romanspr\u00e5ket, og det var fra dette<br \/>\nspr\u00e5ket det franske og italienske spr\u00e5k etter hvert utviklet seg.<br \/>\n<\/span><br \/>\n<span class=\"fontstyle0\">Valdensernes religi\u00f8se poesi blir fremdeles omtalt som den mest fullkomne spr\u00e5kdrakt fra denne perioden, og det er ogs\u00e5 spr\u00e5ket benyttet for \u00e5 la evangeliets lys skinne med den st\u00f8rste str\u00e5leglans. (6) Propagandaen fra Rom, om at valdenserne<br \/>\nvar f\u00e5, d\u00e5rlig organiserte og stort sett besto av ul\u00e6rde mennesker, helt avhengig av<br \/>\nRom for sine Bibler og sin kultur, er motbevist av mange troverdige vitner. Det<br \/>\nkan legges fram mye og god dokumentasjon p\u00e5 at en rekke l\u00e6rde og h\u00f8ytst\u00e5ende<br \/>\npersoner var medlemmer av de etter hvert mange valdensermenighetene. Blant<br \/>\ndem var \ufb02 ere anerkjente teologer, og disse kristne var betraktet som datidens<br \/>\nledere innen litteratur, musikk og Ordets forkynnelse. Deres misjonsengasjement<br \/>\nvar omfattende.<br \/>\nValdensernes inn\ufb02ytelse p\u00e5 reformasjonen blir godt beskrevet i den f\u00f8lgende<br \/>\nuttalelsen: \u00abDet ser ikke ut til at de tok aktivt del i striden som foregikk rundt<br \/>\ndem i alle deler av Europa, men sannheten er at de ut\u00f8vde en stor p\u00e5virkning p\u00e5<br \/>\nverden. Deres misjon\u00e6rer var \u00e5 fnne over alt, og de forkynte den enkle og rene<br \/>\nkristendommen, og utfordret mange til selv \u00e5 studere Guds Ord. I Frankrike,<br \/>\nEngland, Skottland og Italia, var de engasjerte i et stort arbeid, men de utf\u00f8rte sin<br \/>\ngjerning i det stille. Lollard, som hadde banet veien for Wycli\ufb00e i England, var en<br \/>\nmisjon\u00e6r i dette omr\u00e5det. I Tyskland og Bohemia ble valdensernes forkynnelse<br \/>\nverdsatt og framskyndet reformasjonen. Huss, Jerome, Luther og Calvin, kunne<br \/>\nalle fortsette arbeidet som de valdensiske misjon\u00e6rene hadde p\u00e5begynt. (7)<br \/>\nDet er ingen tvil om at valdensernes og albigensernes trosl\u00e6re ble utbredt blant<br \/>\nde inn\ufb02 ytelsesrike i samfunnet. Det blir bekreftet av den f\u00f8lgende uttalelsen<br \/>\nav Philip Momay: \u00abMange i nobiliteten sluttet seg til dem, blant annet kjente<br \/>\nskikkelser som Raymund, som var jarl i Touloue og S. Giles, som var kongens<br \/>\nfetter. Andre var Roger Vicount av Besiers og Carcasonne, Peter Roger, lorden<br \/>\ni Cabaret og Raymond, jarl av Foix, som var en god venn av kongen i Arragon.<br \/>\nTilsluttet valdensermenigheten var ogs\u00e5 Gastro, som var prinsen av Beam, jarlen<br \/>\nav Bigorre, jarlen av Carman, Armeric de Montreuil og William de Menerbe,<br \/>\nog uendelig mange \ufb02ere, b\u00e5de lorder og prinser. Dette er menn som aldri ville ha<\/span><br \/>\n<span class=\"fontstyle0\">risikert sine posisjoner, formue eller \u00e6re ved \u00e5 v\u00e6re knyttet til en sekt av kjettere,<br \/>\nslik den katolske kirken dessverre beskrev valdenserne. (8) Etter \u00e5 ha fullf\u00f8rt sin<br \/>\ngrunnutdanning, var det ikke uvanlig for valdensernes ungdommer \u00e5 fortsette<br \/>\nsine studier i de store byene i Lombardy eller ved universitetet i Paris. (9)<\/span><\/p>\n<figure id=\"attachment_2161\" aria-describedby=\"caption-attachment-2161\" style=\"width: 702px\" class=\"wp-caption alignnone\"><a href=\"http:\/\/www.bibelmuseum.no\/wordpress\/wp-content\/uploads\/2018\/04\/Our_day_in_the_light_of_prophecy_and_providence_1921_14777499535.jpg\"><img loading=\"lazy\" decoding=\"async\" class=\"wp-image-2161\" src=\"http:\/\/www.bibelmuseum.no\/wordpress\/wp-content\/uploads\/2018\/04\/Our_day_in_the_light_of_prophecy_and_providence_1921_14777499535-1024x668.jpg\" alt=\"\" width=\"702\" height=\"458\" srcset=\"https:\/\/www.bibelmuseum.no\/wordpress\/wp-content\/uploads\/2018\/04\/Our_day_in_the_light_of_prophecy_and_providence_1921_14777499535-1024x668.jpg 1024w, https:\/\/www.bibelmuseum.no\/wordpress\/wp-content\/uploads\/2018\/04\/Our_day_in_the_light_of_prophecy_and_providence_1921_14777499535-300x196.jpg 300w, https:\/\/www.bibelmuseum.no\/wordpress\/wp-content\/uploads\/2018\/04\/Our_day_in_the_light_of_prophecy_and_providence_1921_14777499535-768x501.jpg 768w, https:\/\/www.bibelmuseum.no\/wordpress\/wp-content\/uploads\/2018\/04\/Our_day_in_the_light_of_prophecy_and_providence_1921_14777499535-1536x1003.jpg 1536w, https:\/\/www.bibelmuseum.no\/wordpress\/wp-content\/uploads\/2018\/04\/Our_day_in_the_light_of_prophecy_and_providence_1921_14777499535-2048x1337.jpg 2048w, https:\/\/www.bibelmuseum.no\/wordpress\/wp-content\/uploads\/2018\/04\/Our_day_in_the_light_of_prophecy_and_providence_1921_14777499535-150x98.jpg 150w, https:\/\/www.bibelmuseum.no\/wordpress\/wp-content\/uploads\/2018\/04\/Our_day_in_the_light_of_prophecy_and_providence_1921_14777499535-696x454.jpg 696w, https:\/\/www.bibelmuseum.no\/wordpress\/wp-content\/uploads\/2018\/04\/Our_day_in_the_light_of_prophecy_and_providence_1921_14777499535-1068x697.jpg 1068w, https:\/\/www.bibelmuseum.no\/wordpress\/wp-content\/uploads\/2018\/04\/Our_day_in_the_light_of_prophecy_and_providence_1921_14777499535-1920x1253.jpg 1920w, https:\/\/www.bibelmuseum.no\/wordpress\/wp-content\/uploads\/2018\/04\/Our_day_in_the_light_of_prophecy_and_providence_1921_14777499535-643x420.jpg 643w\" sizes=\"auto, (max-width: 702px) 100vw, 702px\" \/><\/a><figcaption id=\"caption-attachment-2161\" class=\"wp-caption-text\">Valdenserne ble jaget av den Romerske kirken.<\/figcaption><\/figure>\n<p>&nbsp;<\/p>\n<p>&nbsp;<\/p>\n<p><span class=\"fontstyle0\"><span style=\"font-size: 18pt;\">Et bibelsk folk.<\/span><\/span><\/p>\n<p><span class=\"fontstyle0\"><br \/>\n<\/span><span class=\"fontstyle2\">Det fyller oss med takknemlighet \u00e5 vite at \u00abkirken i \u00f8demarken\u00bb var et Bibelsk<br \/>\nfolk. Ingen senere protestantiske kirker har vist en s\u00e5 stor respekt for Bibelen som<br \/>\nvaldenserne. Deres vilje til \u00e5 lyde Guds Ord var b\u00e5de \u00e5rsaken til deres suksess, men<br \/>\nogs\u00e5 det som gjorde dem til forbrytere i den katolske kirkes \u00f8yne. Gjennom den<br \/>\nm\u00f8rke middelalders lange natt, var disse kristne en helligdom for Bibelen. De var<br \/>\nsom en ark i Europa, og bevarte Guds Ord gjennom middelalderes forf\u00f8lgelser.<br \/>\nSiden de troende som etter hvert bar valdensernavnet, faktisk eksisterte fra den<br \/>\ntidligste kristne tidsalder, var det forventet at deres f\u00f8rste Bibel ville v\u00e6re p\u00e5<br \/>\nlatinsk. Grundig forskning ble lagt til grunn for denne utgaven.\u00a0 <span class=\"fontstyle0\">P\u00e5 et tidlig tidspunkt lanserte de en vakker utgave av Bibelen p\u00e5 spr\u00e5ket som het<br \/>\nitala, som var en oversettelse fra greske manuskripter. (10) Det kan dokumenteres<br \/>\nved \u00e5 sammenligne itala utgaven med liturgien som ble benyttet i Milan i \ufb02ere<br \/>\nhundre \u00e5r, for der fnner vi mange tekster fra denne Bibelen. (11) Katolikken<br \/>\nH.J. Warner skriver: Bibelutgavene som n\u00e5 er vanlige blant de vestlige kjetterne,<br \/>\nviser seg \u00e5 v\u00e6re fundert p\u00e5 de greske manuskriptene og ikke p\u00e5 Vulgata. (12)<br \/>\nDa det romerske imperiet falt, p\u00e5 grunn av invasjon fra germanske folkeslag,<br \/>\n(oversetternes anmerkning: Folkevandringen), ble det romanske spr\u00e5ket, som i<br \/>\n\u00e5rhundrer hadde v\u00e6rt en bro fra latin til moderne italiensk, blitt moderspr\u00e5ket<br \/>\ntil valdenserne. P\u00e5 dette spr\u00e5ket produserte de en mengde h\u00e5ndskrevne kopier<br \/>\nav Bibelen for vanlige mennesker. (13) Denne Bibelen ble ogs\u00e5 fundamentet for<br \/>\nderes religi\u00f8se samlinger, og barna ble oppl\u00e6rt i \u00e5 huske utenat store avsnitt av<br \/>\nden. P\u00e5 den tiden var det selvf\u00f8lgelig bare h\u00e5ndkopierte Bibler. (14) Grupper av<br \/>\nunge mennesker ble organiserte, hvor de til sammen, som et team, kunne sitere<br \/>\nhele Bibelen utenat. (15) Hver av dem kunne gjengi et gitt antall kapitler og n\u00e5r<br \/>\nde kom sammen med menighetene og pastorene, kunne de sammen sitere hele<br \/>\nBibelen. (16)<br \/>\nValdensernes pastorer ble ofte kalt \u00abbarbes\u00bb (de med skjegg), og de tilh\u00f8rte, som<br \/>\nallerede nevnt, en l\u00e6rd og godt utdannet gruppe mennesker. (17) Det var ikke bare<br \/>\ni bibelkunnskap og i det latinske spr\u00e5k de var dyktige, men ogs\u00e5 i grunnspr\u00e5kene.<br \/>\nUngdommene ble oppl\u00e6rte i \u00e5 v\u00e6re misjon\u00e6rer i de spr\u00e5k som var \u00e5 fnne i ulike<br \/>\nEuropeiske land. Gjennom disse kristne, er Bibelens opprinnelige budskap blitt<br \/>\noverlevert til bibeltro kristne helt ned til v\u00e5r tid. Det var denne inn\ufb02ytelsen som<br \/>\nvar fundamentet for \u00abTe Authorized Version\u00bb av Bibelen.<br \/>\n<\/span><\/span><\/p>\n<p>&nbsp;<\/p>\n<p><span class=\"fontstyle2\" style=\"font-size: 18pt;\">Forf\u00f8lgelsen av valdenserne.<\/span><\/p>\n<figure id=\"attachment_2162\" aria-describedby=\"caption-attachment-2162\" style=\"width: 417px\" class=\"wp-caption alignright\"><a href=\"http:\/\/www.bibelmuseum.no\/wordpress\/wp-content\/uploads\/2018\/04\/127S352waldensisattack.jpg\"><img loading=\"lazy\" decoding=\"async\" class=\"wp-image-2162\" src=\"http:\/\/www.bibelmuseum.no\/wordpress\/wp-content\/uploads\/2018\/04\/127S352waldensisattack-1024x801.jpg\" alt=\"\" width=\"417\" height=\"326\" srcset=\"https:\/\/www.bibelmuseum.no\/wordpress\/wp-content\/uploads\/2018\/04\/127S352waldensisattack-1024x801.jpg 1024w, https:\/\/www.bibelmuseum.no\/wordpress\/wp-content\/uploads\/2018\/04\/127S352waldensisattack-300x235.jpg 300w, https:\/\/www.bibelmuseum.no\/wordpress\/wp-content\/uploads\/2018\/04\/127S352waldensisattack-768x601.jpg 768w, https:\/\/www.bibelmuseum.no\/wordpress\/wp-content\/uploads\/2018\/04\/127S352waldensisattack-150x117.jpg 150w, https:\/\/www.bibelmuseum.no\/wordpress\/wp-content\/uploads\/2018\/04\/127S352waldensisattack-696x545.jpg 696w, https:\/\/www.bibelmuseum.no\/wordpress\/wp-content\/uploads\/2018\/04\/127S352waldensisattack-1068x836.jpg 1068w, https:\/\/www.bibelmuseum.no\/wordpress\/wp-content\/uploads\/2018\/04\/127S352waldensisattack-537x420.jpg 537w, https:\/\/www.bibelmuseum.no\/wordpress\/wp-content\/uploads\/2018\/04\/127S352waldensisattack.jpg 1342w\" sizes=\"auto, (max-width: 417px) 100vw, 417px\" \/><\/a><figcaption id=\"caption-attachment-2162\" class=\"wp-caption-text\">Valdensere angrepet i hulene der de tilbad<\/figcaption><\/figure>\n<p><span class=\"fontstyle2\"><br \/>\n<span class=\"fontstyle0\">Det var mye forf\u00f8lgelse i det trettende \u00e5rhundre, av dem som ble antatt \u00e5 eie<br \/>\nvaldensernes tro, selv om de ogs\u00e5 var kjent under andre navn. For \ufb02ere hundre<br \/>\n\u00e5r drev den katolske kirke en regelrett krig for \u00e5 utrydde alle skrifter som disse<\/span><br \/>\n<\/span> <span class=\"fontstyle0\">kristne gruppene hadde produsert. Ingen p\u00e5skudd, anstrengelse eller utgift ble<br \/>\nspart av deres fender, for \u00e5 kunne ferne fra jordens over\ufb02ate, alle historiske kilder<br \/>\nom valdenserne. Det fantes ingen valdenserlandsby som ikke hadde sine martyrer.<br \/>\nKvinner, barn og gamle mennesker ble noen steder brent, kastet i dype br\u00f8nner eller<br \/>\nslaktet i fellhulene hvor de gjemte seg. Andre steder ble deres hus og eiendommer<br \/>\ntatt fra dem, og barna ble sendt til skoler hvor de ble s\u00f8kt indoktrinerte med<br \/>\nde samme falske katolske dogmene som de avskydde. Onde mennesker i pavemaktens tjeneste, angrep<br \/>\nderes landsbyer og fratok dem eiendom og drepte alle de kom over. Deres<br \/>\neiendommer ble konfskert til fordel for kirkens skattkammer. (18)<br \/>\nS\u00e5 mange b\u00f8ker er skrevet om valdensernes hjerteskj\u00e6rende lidelser, at videre<br \/>\ndokumentasjon er un\u00f8dvendig. Det viktigste \u00e5 merke seg, er at valdenserne forble<br \/>\ntrofaste mot Bibelens sannheter. Da reformasjonen kom til Europa ved hjelp av<br \/>\nLuther, Zwingli, Calvin og andre, var valdenserne klare til \u00e5 ta imot delegasjoner<br \/>\nfra reformatorene, som kom for \u00e5 l\u00e6re mer om deres tro og forkynnelse. W.S. Gilly<br \/>\nskriver at i 1550 var det s\u00e5 mange som 800.000 valdensere, spredt i en mengde<br \/>\nalpelandsbyer, og de nektet \u00e5 akseptere pavekirkens tro og l\u00e6re. (19)<br \/>\n<\/span><\/p>\n<p>&nbsp;<\/p>\n<p><span class=\"fontstyle2\" style=\"font-size: 18pt;\">Sannheten spres til mange land.<\/span><\/p>\n<p><span class=\"fontstyle2\"><br \/>\n<\/span><span class=\"fontstyle0\">Inspirert av Bibelens triumferende sannheter, spredte valdenserne seg i Europa.<br \/>\nHistorieskriveren Samuel Edgar hevder at de hadde stor inn\ufb02ytelse b\u00e5de i Frankrike,\u00a0 Tyskland, Italia og spesielt i Lombardy, til tross for pavekirkens anstrengelser for \u00e5 f\u00e5 dem utryddet. Forskere som bekrefter valdensernes utbredelse er mange, men<br \/>\nogs\u00e5 deres fender, innr\u00f8mmer at de hadde en stor inn\ufb02ytelse. Nangis skriver at<br \/>\nmedlemmene av \u00abdenne sekten\u00bb var s\u00e5 mange at de ikke kunne telles. Rainerus<br \/>\nrapporterer at de var \u00e5 fnne i omtrent hvert land. Caesarius hevdet at de \u00abinfserte\u00bb<br \/>\ntusenvis av byer og landsbyer. Ciaconius anklaget dem for \u00e5 p\u00e5virke omtrent<br \/>\nhele den latinske verden. Katolikken Gretzer p\u00e5sto at nesten ingen unnslapp<br \/>\nderes besmittelse. Popliner forteller at de spredte seg til Frankrike og dukket opp i<br \/>\nGaul, Spania, England, Skottland, Italia, Tyskland, Bohemia, Saxony, Polen<br \/>\nog dav\u00e6rende Lithuania. I tillegg skriver Matthew Paris at de var \u00e5 finne i<br \/>\nBulgaria, Croatia, Dalmatia og Spania. If\u00f8lge Benedict var det ogs\u00e5 mange av dem i Piedmont, Sicilia, Calabria,<\/span><\/p>\n<figure id=\"attachment_2163\" aria-describedby=\"caption-attachment-2163\" style=\"width: 314px\" class=\"wp-caption alignright\"><a href=\"http:\/\/www.bibelmuseum.no\/wordpress\/wp-content\/uploads\/2018\/04\/127S355waldensiancave.jpg\"><img loading=\"lazy\" decoding=\"async\" class=\"wp-image-2163\" src=\"http:\/\/www.bibelmuseum.no\/wordpress\/wp-content\/uploads\/2018\/04\/127S355waldensiancave-1024x813.jpg\" alt=\"\" width=\"314\" height=\"249\" srcset=\"https:\/\/www.bibelmuseum.no\/wordpress\/wp-content\/uploads\/2018\/04\/127S355waldensiancave-1024x813.jpg 1024w, https:\/\/www.bibelmuseum.no\/wordpress\/wp-content\/uploads\/2018\/04\/127S355waldensiancave-300x238.jpg 300w, https:\/\/www.bibelmuseum.no\/wordpress\/wp-content\/uploads\/2018\/04\/127S355waldensiancave-768x610.jpg 768w, https:\/\/www.bibelmuseum.no\/wordpress\/wp-content\/uploads\/2018\/04\/127S355waldensiancave-150x119.jpg 150w, https:\/\/www.bibelmuseum.no\/wordpress\/wp-content\/uploads\/2018\/04\/127S355waldensiancave-696x553.jpg 696w, https:\/\/www.bibelmuseum.no\/wordpress\/wp-content\/uploads\/2018\/04\/127S355waldensiancave-1068x848.jpg 1068w, https:\/\/www.bibelmuseum.no\/wordpress\/wp-content\/uploads\/2018\/04\/127S355waldensiancave-529x420.jpg 529w, https:\/\/www.bibelmuseum.no\/wordpress\/wp-content\/uploads\/2018\/04\/127S355waldensiancave.jpg 1322w\" sizes=\"auto, (max-width: 314px) 100vw, 314px\" \/><\/a><figcaption id=\"caption-attachment-2163\" class=\"wp-caption-text\">En av hulene der valdenserne oppholdt seg<\/figcaption><\/figure>\n<p>Pomerania, Alivonia, Sarmatia, Konstantinopel, Filadelfa og Bulgaria. (20)<br \/>\n(Oversetternes anmerkning: Distriktet Alasehir, ble i antikken kalt Filadelfa, og<br \/>\nl\u00e5 i Manisaprovinsen ved Egeer-regionen i Tyrkia.)<br \/>\nNoen har hevdet at albigenserne var forskjellige fra valdenserne. Sannheten er<br \/>\nimidlertid at det var lite forskjell mellom dem n\u00e5r det kom til tro og l\u00e6re. De ble<br \/>\nbare kalt albigensere p\u00e5 grunn av den franske byen Albi, som var deres hovedkvarter.<br \/>\nPavemaktens dekreter ford\u00f8mte dem alle som valdensere. Det samme gjorde en<br \/>\nrekke historieskrivere. (21) Hvor e\ufb00ektivt valdenserne eller albigenserne forkynte,<br \/>\nog hvor mange de omvendte av folket i datidens Bulgaria, vises fra en rapport<br \/>\nskrevet av Philip Mornay, som dokumenterer at til og med mange biskoper etter<br \/>\n<span class=\"fontstyle0\">hvert sluttet seg til dem og at en rekke nye kirker ble bygget og innviet av dem.<br \/>\n(22) Bartholomeus fra Carcassone, som holdt til i Narbon i Frankrike, var en<br \/>\nmann valdenserne samlet seg om og det rapporteres at han utnevnte biskoper<br \/>\nog innviet kirker.<br \/>\n<\/span><\/p>\n<p>&nbsp;<\/p>\n<p>&nbsp;<\/p>\n<p><span class=\"fontstyle2\" style=\"font-size: 18pt;\">Protestantismen er valdensernes frukt.<\/span><\/p>\n<p><span class=\"fontstyle2\"><br \/>\n<\/span><span class=\"fontstyle0\">Innen 1517 hadde den protestantiske reformasjonen begynt \u00e5 p\u00e5virke Europa.<br \/>\nEgentlig var ikke protestantismen til \u00e5 begynne med s\u00e5 mye et brudd med<br \/>\nromerkirken, som den var en vekkelse og akseptering av valdensernes apostoliske tro<br \/>\nog l\u00e6re. Vi kan si at protestantismen var en utvidelse av \u00abmenigheten i \u00f8demarken\u00bb.<br \/>\nAv alle de evangeliske bevegelsene som hadde sine r\u00f8tter fra aposteltiden, var<br \/>\nvaldenserne de reneste og mest inn\ufb02ytelsesrike.<br \/>\nJames D. McCabe skriver hvordan delegater fra de tidlige reformatorene m\u00f8tte<br \/>\nledere blant valdenserne. Det kommer fram at valdenserne var lykkelige over at<br \/>\nreformasjonen n\u00e5 hadde sl\u00e5tt dype r\u00f8tter og at stadig \ufb02ere ble satt fri til \u00e5 tenke<br \/>\nselv og studere Guds Ord. Det fnnes mye korrespondanse mellom valdenserne<br \/>\nog de f\u00f8rste reformatorene, og mange av valdensernes prester ble sendt for \u00e5<br \/>\nundervise dem.<br \/>\nReformatorene anerkjente valdensernes rene tro og l\u00e6re og behandlet dem med<br \/>\nden st\u00f8rste respekt. Den 12. september i 1532 ble en synode arrangert i Angrogna.<br \/>\nMange utsendinger fra de reformerte kirkene i Frankrike og Sveits var delegater.<br \/>\nBlant dem var William Farel fra Frankrike. Han skriver at han var fascinert av<br \/>\nmanuskripter og bibelkopier som valdenserne hadde oppbevart fra den tidligste<br \/>\nkristne kirken. De hadde ogs\u00e5 kopier av hele Bibelen oversatt til fransk. Denne<br \/>\nbibelen ble sent som gave fra valdenserne til de franske reformatorene. (23)<br \/>\nValdensernes enkle og rene liv var et resultat av at de hadde akseptert Bibelens<br \/>\nenkle og rene kristendom. De fulgte anmodningen fra apostelen Johannes, om<br \/>\nikke \u00e5 legge noe til eller ta noe bort fra Guds Ord. Denne valgte lydigheten var<\/span><br \/>\n<span class=\"fontstyle0\">en beskyttelse mot falsk l\u00e6re og en oppskrift for deres evangelisering. Ogs\u00e5 deres<br \/>\nfender innr\u00f8mmet at deres tro var lik den f\u00f8rste menighetens l\u00e6re. Et sammendrag<br \/>\nav deres doktriner, h\u00f8res ut som l\u00e6ren til Vigilantius i det ferde \u00e5rhundre og<br \/>\nClaude i det \u00e5ttende \u00e5rhundre.<br \/>\nAntoine Monastier viser noe av den falske l\u00e6ren de forkastet. De tok avstand fra<br \/>\ndoktriner som bygget p\u00e5 menneskelige tradisjoner, og de forkastet bruk av bilder,<br \/>\nkors og relikvier som objekter for tilbedelse. Likeledes avviste de tradisjonen med<br \/>\njomfru Marias og helgeners forb\u00f8nnstjeneste og de tok selvf\u00f8lgelig avstand fra<br \/>\nalle festdagene som \u00e6ret disse helgener og b\u00f8nner sendt til dem. Ogs\u00e5 tradisjonen<br \/>\nmed r\u00f8kelse, messeo\ufb00 eret, skriftem\u00e5let, troen p\u00e5 evig pine, hellig vann, tradisjonen<br \/>\nmed \u00e5 faste til bestemte tider, hellige prosesjoner, pilegrimsreiser, ugifte prester<br \/>\nog pavekirkens kj\u00f8p av syndstilgivelse med penger. (24)<br \/>\nReinerius Saccho hevder i sine skrifter at valdensernes fender m\u00e5tte innr\u00f8mme<br \/>\nat de var et folk som var lydige mot Guds lov. Han legger til at de levde enkle liv,<br \/>\nvar moderate i alt og holdt seg unna verdslighet. Det f\u00f8rste de l\u00e6rte sine barn,<br \/>\nvar \u00e5 ha tillit til Kristus og lydighet mot Guds bud. (25)<br \/>\nMed s\u00e5 mange mennesker involvert, m\u00e5 det regnes med at forf\u00f8lgelse, isolasjon<br \/>\nog desperate livsforhold, ville rive enkelte av dem vekk fra sin tro og at de ville<br \/>\ntilpasse seg noen av pavekirkens dogmer. N\u00e5r ogs\u00e5 enkelte reformatorer valgte<br \/>\nliberalisme p\u00e5 enkelte omr\u00e5der, og denne holdningen spredte seg i Europa, ville<br \/>\ndet p\u00e5virke de eldre kirkene som lenge hadde lidd p\u00e5 grunn av at de hele tiden<br \/>\nhadde fulgt de l\u00e6repunktene som reformatorene n\u00e5 vektla.<br \/>\nI sin glede over reformasjonsprosessen, var det noen som tilpasset seg enkelte av<br \/>\nreformatorenes mangler. Alle m\u00e5 erkjenne at selv om reformatorene hadde en<br \/>\nmeget gunstig p\u00e5virkning s\u00e5 langt de gikk, er det lett \u00e5 se at de ikke gikk hele<br \/>\nveien. (26) Andre enn pionerene i reformasjonsprosessen, m\u00e5tte i ettertid arbeide<\/span><br \/>\n<span class=\"fontstyle0\">for en videre og dypere restaurering av urmenighetens ekte kristne tro og praksis<br \/>\nblant de menighetene som virkelig \u00f8nsket \u00e5 f\u00f8lge i Mesterens fotspor.<br \/>\n<\/span><\/p>\n<p>&nbsp;<\/p>\n<p><span class=\"fontstyle2\" style=\"font-size: 18pt;\">De f\u00f8rste valdenserne holdt sabbaten.<\/span><\/p>\n<p><span class=\"fontstyle2\"><br \/>\n<\/span><span class=\"fontstyle0\">F\u00f8r vi tar for oss sabbatshelligholdelsen blant de f\u00f8rste valdenserne, kan det v\u00e6re<br \/>\nnyttig at vi ser litt p\u00e5 s\u00f8ndagshelligholdelsen ved slutten av det man vanligvis<br \/>\nkaller den f\u00f8rste perioden av kristendommens historie, som ble avsluttet ved<br \/>\nNikeakonsilet i \u00e5r 325. Keiser Konstantin, som var den f\u00f8rste kristne romerske<br \/>\nkeiser p\u00e5 et tidspunkt da kirken og staten begynte \u00e5 samarbeide, vedtok den<br \/>\nber\u00f8mte s\u00f8ndagsloven i 321. En kommentar fra et ledende romersk katolsk<br \/>\ntidsskrift, forklarer godt sitasjonen. \u00abKeiser Konstantin, etter sin omvendelse til<br \/>\nkristendommen, gjorde helligholdelse av s\u00f8ndag til en borgerplikt. Vedtaket som<br \/>\nble erkl\u00e6rt, sier: \u00abLa alle dommere og folk i alle byer, hvile og all slags handel bli<br \/>\nlagt ned p\u00e5 solens \u00e6rverdige dag. De som bor p\u00e5 landet kan p\u00e5 frivillig basis v\u00e6re<br \/>\nengasjerte i sine plikter, fordi det skjer ofte at denne dagen er den beste til \u00e5 s\u00e5<br \/>\nhvete og plante vindruer, slik at en anledning av guddommelig n\u00e5de ikke mistes\u00bb.<br \/>\nVi har ingen grunn til \u00e5 tro at Konstantin ville ha akseptert landbruksarbeid p\u00e5<br \/>\nhviledagen, hvis kirken helt fra sin begynnelse hadde forbudt kristne den slags<br \/>\narbeid som den senere tillot. Det har v\u00e6rt et ufravikelig guddommelig p\u00e5bud, fra<br \/>\numinnelige tider, at hvile fra fysisk arbeid p\u00e5 Guds dag, ikke var en forskrift som<br \/>\nkunne endres av et kirkehierarki, bare fordi det var gunstig. (27)<br \/>\nDet er mye dokumentasjon som viser at sitatet fra Konstantin, ikke \u00e5penbarer<br \/>\nnoen tilfeldig situasjon eller noe uvanlig n\u00e5r det gjelder s\u00f8ndagshelligholdelse i<br \/>\ndet ferde \u00e5rhundre. Det var ikke bare en tradisjon for den katolske statskirken,<br \/>\nmen det kan dokumenteres at den samme kirken hevdet at den hadde myndighet<br \/>\ntil \u00e5 erkl\u00e6re s\u00f8ndag som hviledag og i tillegg kunne bestemme hvor mye arbeid<br \/>\nskulle eller ikke skulle bli utf\u00f8rt p\u00e5 denne dagen.<\/span><br \/>\n<span class=\"fontstyle0\">Som videre indikasjon kan det henvises til \ufb02ere kilder som viser at det ikke var<br \/>\nstrenge krav om \u00e5 avst\u00e5 fra arbeid p\u00e5 s\u00f8ndag i l\u00f8pet av kirkens f\u00f8rste tidsperiode.<br \/>\nDenne dagen ble uten tvil betraktet av de kristne som en gledesdag og de kom til<\/span><\/p>\n<figure id=\"attachment_2164\" aria-describedby=\"caption-attachment-2164\" style=\"width: 312px\" class=\"wp-caption alignright\"><a href=\"http:\/\/www.bibelmuseum.no\/wordpress\/wp-content\/uploads\/2018\/04\/128S366waldenslogo.jpg\"><img loading=\"lazy\" decoding=\"async\" class=\"wp-image-2164\" src=\"http:\/\/www.bibelmuseum.no\/wordpress\/wp-content\/uploads\/2018\/04\/128S366waldenslogo-1024x793.jpg\" alt=\"\" width=\"312\" height=\"242\" srcset=\"https:\/\/www.bibelmuseum.no\/wordpress\/wp-content\/uploads\/2018\/04\/128S366waldenslogo-1024x793.jpg 1024w, https:\/\/www.bibelmuseum.no\/wordpress\/wp-content\/uploads\/2018\/04\/128S366waldenslogo-300x232.jpg 300w, https:\/\/www.bibelmuseum.no\/wordpress\/wp-content\/uploads\/2018\/04\/128S366waldenslogo-768x595.jpg 768w, https:\/\/www.bibelmuseum.no\/wordpress\/wp-content\/uploads\/2018\/04\/128S366waldenslogo-150x116.jpg 150w, https:\/\/www.bibelmuseum.no\/wordpress\/wp-content\/uploads\/2018\/04\/128S366waldenslogo-696x539.jpg 696w, https:\/\/www.bibelmuseum.no\/wordpress\/wp-content\/uploads\/2018\/04\/128S366waldenslogo-1068x827.jpg 1068w, https:\/\/www.bibelmuseum.no\/wordpress\/wp-content\/uploads\/2018\/04\/128S366waldenslogo-542x420.jpg 542w, https:\/\/www.bibelmuseum.no\/wordpress\/wp-content\/uploads\/2018\/04\/128S366waldenslogo.jpg 1356w\" sizes=\"auto, (max-width: 312px) 100vw, 312px\" \/><\/a><figcaption id=\"caption-attachment-2164\" class=\"wp-caption-text\">Valdensisk logo<\/figcaption><\/figure>\n<p>kirken for \u00e5 vise sin hengivenhet for Gud, men det er ingen dokumentasjon p\u00e5 at<br \/>\nde avsto fra arbeid p\u00e5 grunn av at det var forbudt. Hadde det v\u00e6rt et lovforbud<br \/>\nmot \u00e5 arbeide p\u00e5 s\u00f8ndag, ville det v\u00e6rt en fare for assosiasjon med de j\u00f8diske<br \/>\nforskriftene, som forb\u00f8d arbeid p\u00e5 hviledagen. I perioder med forf\u00f8lgelse ville et<br \/>\nforbud mot \u00e5 arbeide p\u00e5 s\u00f8ndag ha avsl\u00f8rt de troende kristne.<br \/>\nDet ble ansett tilstrekkelig \u00e5 be p\u00e5 den j\u00f8diske sabbaten, siden<br \/>\ndenne dagen etter hvert ble helligholdt av mange kristne.<br \/>\n(28) Vi kan derfor lett se at s\u00f8ndagshelligholdelse i de tidligste kristne \u00e5rhundrene, ikke<br \/>\nvar en helligdag som Gud hadde utpekt, men var en dag og en skikk forordnet av mennesker og hvor fysisk arbeid var tillatt.<br \/>\nFra mange kirkehistorikere blir vi fortalt at i \u00d8stkirken og alle Vestkirkene, med<br \/>\nunntak av i Rom, ble sabbaten helligholdt av alle som var modige nok til \u00e5 st\u00e5<br \/>\nimot den voksende inn\ufb02 ytelsen fra dem som \u00f8nsket \u00e5 tilfredsstille en hedensk<br \/>\nverden, som hadde valgt s\u00f8ndag som hviledag.<br \/>\nSom en kontrast til s\u00f8ndagshelligholdelsens tvilsomme opprinnelse, kan vi observere hvordan historikere omtaler den sjuende-dags sabbat. De f\u00f8lgende to sitatene er nevnt tidligere i denne boka, men er verd \u00e5 gjenta i denne sammenheng. Socrates,<br \/>\nen kirkehistoriker fra det f erde \u00e5rhundre skriver: \u00abOmtrent alle verdens kirker<br \/>\nfeiret hver uke de hellige mysterier p\u00e5 sabbaten, men de kristne i Alexandria og<br \/>\ni Rom, p\u00e5 grunn av noen tradisjoner, har sluttet med det. (29)<br \/>\n<span class=\"fontstyle0\">Enda et sitat fra kirkehistorikeren Sozomen, som levde p\u00e5 samme tid som Socrates.<br \/>\nHan skrev: \u00abFolk i Konstantinopel, og omtrent alle andre steder, kommer sammen<br \/>\nb\u00e5de p\u00e5 sabbaten og p\u00e5 den f\u00f8rste dag i uken, en tradisjon som ikke blir fulgt i<br \/>\nRom eller i Alexandria. (30) Innholdet i disse to sitatene viser oss at den greske<br \/>\nkirken representerte en sabbatsholdende kristendom og at kristendommen i vest,<br \/>\nmed unntak av byene Roma og muligens ogs\u00e5 Alexandria, var sabbatsholdende.<br \/>\nDet er imidlertid mer informasjon \u00e5 hente om sabbatshelligholdelsene f\u00f8r \u00e5ret<br \/>\n325, n\u00e5r vi tar for oss Spanias historie. Spania var nemlig s\u00e5 heldig at landet i<br \/>\nmange hundre \u00e5r unnslapp inn\ufb02ytelsen fra Rom.<br \/>\nRomerkirkens historie kan inndeles i to hovedperioder. F\u00f8rst den som leder opp<br \/>\ntil \u00e5ret 325 og etterp\u00e5 perioden mellom \u00e5r 325 og 1200. For \u00e5 kunne studere de<br \/>\nf\u00f8rste fre \u00e5rhundrene, er det utrolig viktig at vi kjenner til de 81 resolusjonene<br \/>\nsom ble vedtatt ved konsilet i Elvira i Spania i \u00e5r 305. Disse dokumentene viser<br \/>\noss tre ting. (1) Helt opp til tiden for dette konsilet, hadde ikke den spanske<br \/>\nkirken adoptert noen troserkl\u00e6ring, og hadde ikke med vedtakene som senere ble<br \/>\nstadfestet i Nikea. (31) Videre: (2) Kirkestra\ufb00 eller tukt for medlemmer som ikke<br \/>\nfulgte kirkens l\u00e6re, var begrenset til utelukkelse. Og: (3) Det var ingen henvisning<br \/>\ntil verdslige lover (myndigheter) i Spania opp til konsilet i Elvira. Riktignok kan<br \/>\nvi spore en bevegelse eller interesse fra noen, for et n\u00e6rmere samarbeid mellom<br \/>\nkirke og stat, men denne utviklingen hadde ikke lyktes p\u00e5 dav\u00e6rende tidspunkt.<br \/>\nN\u00e5r det kommer til holdningen kirken i Spania hadde til sabbatshelligholdelse, er<br \/>\nsaken veldig klar. Punkt 26 fra konsilet i Elvira viser at kirken i Spania helligholdt<br \/>\nden sjuende-dags sabbat. En s\u00e6rskilt kommentar under konsilets punkt 26, er<br \/>\nat kirken m\u00e5tte informere sine medlemmer om den misforst\u00e5tte og feilaktige<br \/>\ntradisjonen med \u00e5 faste hver sabbat. (32) Dette vedtaket er selvf\u00f8lgelig i direkte<br \/>\nopposisjon til tradisjonen som var h\u00e5ndhevet i Rom, der alle ble p\u00e5budt \u00e5 faste p\u00e5<br \/>\nsabbatsdagen, for \u00e5 kunne gj\u00f8re dagen s\u00e5 nedverdigende, avskyelig og lite attraktiv<br \/>\nsom mulig for folket. (33)<\/span><\/p>\n<p><span class=\"fontstyle0\">Hva er forbindelsen mellom denne informasjonen og de tidlige valdenserne? Jo,<br \/>\nkirken i Spania fungerte som en trosmessig enhet, men n\u00e5r kravene og tradisjonene<br \/>\nfra Rom begynte \u00e5 p\u00e5virke disse kristne, valgte de troende fra Pyrenes seg ut av<br \/>\nfellesskapet p\u00e5 grunn av de falske dogmene som pavekirken introduserte. Robert<br \/>\nRobinson skriver at folket som levde i dalene (felldalene) i forskjellige land, ble<br \/>\nkjent som \u00abdal-beboere\u00bb (valley dwellers) eller vallenses. Denne forfatteren hevder<br \/>\nfaktisk at innbyggerne i Pyrineerne, var de sanne og opprinnelige valdenserne. (34)<br \/>\nOrdet p\u00e5 latin er \u00abvallis\u00bb og fra det kom \u00abvalleys\u00bb p\u00e5 engelsk, valdesi p\u00e5 italiensk,<br \/>\nvaudois p\u00e5 fransk og valdenses p\u00e5 spansk. (35)<br \/>\nResolusjon 26 fra konsilet i Elvira \u00e5penbarte alts\u00e5 at kirken i Spania, p\u00e5 den<br \/>\ntiden helligholdt sabbaten. Samtidig viser kirkehistorien at valdenserne i NordSpania eksisterte p\u00e5 samme tid. Disse forbindelsene indikerer klart at de tidlige<br \/>\nvaldenserne i Spania helligholdt sabbaten. Vi kan ogs\u00e5 merke oss at nord\u00f8st i<br \/>\nSpania, n\u00e6r byen Barcelona, ligger byen Sabadell, i et omr\u00e5de som opprinnelig<br \/>\nvar et tilholdssted for et folk som spanske tradisjoner kalte b\u00e5de valdenses og<br \/>\nsabbatati. (36) Det er kjent at navnet \u00abSabbatati\u00bb kommer fra beskrivelsen at de<br \/>\nholdt sabbaten. I omr\u00e5det rundt sabadell er det mange arkeologiske funn fra dette<br \/>\nfolket. (37) Flere hundre \u00e5r senere, da pavemakten begynte \u00e5 dominere i Spania<br \/>\nog forf\u00f8lgelse rammet disse dalene, \ufb02yktet mange av dem nordover i Italia, hvor<br \/>\nde ble tatt imot og gitt et hjem blant valdenserne i alpene. (38)<br \/>\n<\/span><\/p>\n<p>&nbsp;<\/p>\n<p>&nbsp;<\/p>\n<p><span class=\"fontstyle2\" style=\"font-size: 18pt;\">Valdenserne som Bibelfolket.<\/span><\/p>\n<p><span class=\"fontstyle2\"><br \/>\n<\/span><span class=\"fontstyle0\">Jo sterkere romerkirken ble, jo mer vekt ble det lagt p\u00e5 s\u00f8ndagshelligholdelse.<br \/>\nSamtidig var det slik at kirkene som ivaretok apostlenes kristendom, klynget<br \/>\nseg s\u00e5 lenge som mulig til dagen som Jesus Kristus og apostlene holdt hellig.<br \/>\nValdenserne var et s\u00e5 gjennomf\u00f8rt bibelfolk, at de holdt den sjuende-dags sabbat i<br \/>\n\ufb02ere hundre \u00e5r. Omtrent to hundre \u00e5r etter at pave Gregor I (\u00e5r 602) hadde utstedt<br \/>\nen bannbulle mot sabbatsholdere i byen Roma, ble det innkalt til et kirkekonsil i<br \/>\nFriaul i nord Italia i \u00e5r 791. Denne byen representerte et av tre store omr\u00e5der hvor<\/span><br \/>\n<span class=\"fontstyle0\">Lombard-konged\u00f8mmet opprinnelig var etablert. I sin appell til kristenheten, p\u00e5la<br \/>\ndette konsilet alle troende om \u00e5 helligholde \u00abHerrens dag\u00bb, men i forklaringen til<br \/>\nappellen, omtales ogs\u00e5 den alternative sabbatsdagen, som j\u00f8dene helligholder, den<br \/>\nsiste dag i uken, som ogs\u00e5 alle landets landarbeidere helligholder. (39) Omtrent<br \/>\nhundre \u00e5r senere (865-867), ble det en skarp kon\ufb02ikt mellom kirken i Roma og<br \/>\nden greske kirken, p\u00e5 grunn av mange nyomvendte kristne fra Bulgaria, som<br \/>\nalle helligholdt sabbaten. Den bulgarske kongen sendte et dokument med 106<br \/>\nsp\u00f8rsm\u00e5l til pave Nicolas I. (40)<br \/>\nKongen insisterte p\u00e5 at de ti bud og omskj\u00e6relse m\u00e5tte n\u00f8yaktig overholdes og<br \/>\nat sabbaten selvf\u00f8lgelig var gyldig. (41) Senere har det vist seg at p\u00e5budet om<br \/>\nomskj\u00e6relse var en falsk tilf\u00f8yelse. N\u00e5r han skriver om noen kristne som ble<br \/>\nantatt \u00e5 v\u00e6re en gren av valdenserne, hevder David Benedict, at historien om at<br \/>\nde praktiserte omskj\u00e6relse, uten tvil er en anklage som var skapt av deres fender.<br \/>\nFordi de helligholdt den sjuende-dags sabbat, ble de p\u00e5 en h\u00e5nlig m\u00e5te kalt j\u00f8der,<br \/>\nsom sabbatsholdere noen steder blir kalt selv i v\u00e5r tid, og hvis de var ansett som<br \/>\nj\u00f8der, er det selvf\u00f8lgelig naturlig at de skulle eller burde praktiserte omskj\u00e6relse.<br \/>\nDette var sannsynligvis resonneringen til deres fender, men at de faktisk praktiserte omskj\u00e6relse, er lite trolig. (42) Adam Blair skriver: \u00abBlant dokumentene<br \/>\nsom er bevart fra disse menneskene, fnner vi en grundig forklaring til de ti bud.<br \/>\nDenne kilden inkluderer en presisering av kristen moral, kj\u00e6rlighet og lydighet<br \/>\ntil Gud og en advarsel mot \u00e5 tro p\u00e5 planetenes inn\ufb02ytelse p\u00e5 mennesker. All<br \/>\ntrolldom er forbudt, det samme er tilbedelsesritualer som inkluderer bilder og<br \/>\nidoler. All banning er ogs\u00e5 advart mot. Videre er det i denne forklaringen skrevet<br \/>\nom betydningen av \u00e5 avst\u00e5 fra alt som er syndig, og at verdslig arbeid m\u00e5 legges<br \/>\nbort p\u00e5 sabbatsdagen. Skrivet vektlegger videre verdien av gode og barmhjertige<br \/>\ngjerninger, b\u00f8nn og kristen forkynnelse. (43)<br \/>\nTil tross for all motstand og forf\u00f8lgelse, er det tydelig at Guds beskyttende h\u00e5nd<br \/>\nhvilte over hans lovlydige folk. De vokste i antall, men det var ikke f\u00f8r i det<\/span><br \/>\n<span class=\"fontstyle0\">tolvte \u00e5rhundre at paven for alvor ble forskrekket over valdensernes vekst og<br \/>\ninn\ufb02ytelse. De s\u00e5kalte kjetterne i Syd-Frankrike, var faktisk den vestlige grenen<br \/>\nav valdensermenigheten, og de ble vanligvis kalt albigensere, siden det var veldig<br \/>\nmange av dem i byen Albi. Provinsen hvor denne byen l\u00e5, fkk mye oppmerksomhet<br \/>\nfordi den var i allianse med den franske kongen, selv om den ikke var innlemmet<br \/>\nunder kongens styre.<br \/>\nPavekirken var i allianse med den franske kongen. En synode hvor kjetteri ble<br \/>\ndiskutert, ble arrangert i \u00e5r 1167, i distriktet Toulouse. Katarer fra b\u00e5de Lombardy,<br \/>\nItalia og Frankrike var blant delegatene. Nicetas, som var leder for paulikanerne<br \/>\nvar der, men ogs\u00e5 biskopen i Konstantinopel var til stede og ledet synoden. (44)<br \/>\nPaulikanerne, if\u00f8lge Adeney, forkastet s\u00f8ndag og holdt l\u00f8rdag hellig. (45) For mer<br \/>\ne\ufb00ektivt \u00e5 kunne kjempe mot det voksende kjetteriet, ble to nye munkeordener<br \/>\netablert, fransiskanere og dominikanere. Som en forfatter skriver: \u00abDet er godt<br \/>\nbekreftet at begge disse ble lansert prim\u00e6rt for \u00e5 nedkjempe valdenserne\u00bb. (46)<br \/>\nN\u00e5r det gjelder forf\u00f8lgelsene som valdenserne led for sin sabbatshelligholdelse,<br \/>\nfnner vi den f\u00f8lgende erkl\u00e6ringen fra Alphonso, publisert i \u00e5r 1194: \u00abAlphonso,<br \/>\nkongen av Aragon, til alle erkebiskoper, biskoper og alle andre. Vi befaler dere<br \/>\n\u00e5 kopiere v\u00e5re forfedre, i lydighet mot kirkens regler, slik at alle kjettere, som<br \/>\nvaldenserne, insabbathi og folket som kaller seg \u00abde fattige i Lyons\u00bb og alle andre<br \/>\nkjettere, m\u00e5 bli fernet fra Guds ansikt og fra alle katolikker, og skal drives ut av<br \/>\nv\u00e5rt land\u00bb. (47)<br \/>\nBruken av uttrykket \u00abinsabbathi\u00bb i denne uttalelsen, henviser til dem som skulle<br \/>\nutvises fra Spania, og det forteller oss igjen om sabbatsholdere i Spania i middelalderen. At insabbathi var valdensere er dokumentert av Bernard Gui, en ber\u00f8mt<br \/>\nleder for inkvisisjonen. (48) Han hevder at \u00abensavates\u00bb (insabbatati) var navnet<br \/>\nsom ble gitt til valdenserne. (49)<br \/>\nDet er to interessante observasjoner som kaster lys over uttrykket \u00abinsabbathi\u00bb<br \/>\nbenyttet i kong Alphonsos erkl\u00e6ring. Den f\u00f8rste er at det eksisterer et gotisk<\/span><br \/>\n<span class=\"fontstyle0\">tolvte \u00e5rhundre at paven for alvor ble forskrekket over valdensernes vekst og<br \/>\ninn\ufb02ytelse. De s\u00e5kalte kjetterne i Syd-Frankrike, var faktisk den vestlige grenen<br \/>\nav valdensermenigheten, og de ble vanligvis kalt albigensere, siden det var veldig<br \/>\nmange av dem i byen Albi. Provinsen hvor denne byen l\u00e5, fkk mye oppmerksomhet<br \/>\nfordi den var i allianse med den franske kongen, selv om den ikke var innlemmet<br \/>\nunder kongens styre.<br \/>\nPavekirken var i allianse med den franske kongen. En synode hvor kjetteri ble<br \/>\ndiskutert, ble arrangert i \u00e5r 1167, i distriktet Toulouse. Katarer fra b\u00e5de Lombardy,<br \/>\nItalia og Frankrike var blant delegatene. Nicetas, som var leder for paulikanerne<br \/>\nvar der, men ogs\u00e5 biskopen i Konstantinopel var til stede og ledet synoden. (44)<br \/>\nPaulikanerne, if\u00f8lge Adeney, forkastet s\u00f8ndag og holdt l\u00f8rdag hellig. (45) For mer<br \/>\ne\ufb00ektivt \u00e5 kunne kjempe mot det voksende kjetteriet, ble to nye munkeordener<br \/>\netablert, fransiskanere og dominikanere. Som en forfatter skriver: \u00abDet er godt<br \/>\nbekreftet at begge disse ble lansert prim\u00e6rt for \u00e5 nedkjempe valdenserne\u00bb. (46)<br \/>\nN\u00e5r det gjelder forf\u00f8lgelsene som valdenserne led for sin sabbatshelligholdelse,<br \/>\nfnner vi den f\u00f8lgende erkl\u00e6ringen fra Alphonso, publisert i \u00e5r 1194: \u00abAlphonso,<br \/>\nkongen av Aragon, til alle erkebiskoper, biskoper og alle andre. Vi befaler dere<br \/>\n\u00e5 kopiere v\u00e5re forfedre, i lydighet mot kirkens regler, slik at alle kjettere, som<br \/>\nvaldenserne, insabbathi og folket som kaller seg \u00abde fattige i Lyons\u00bb og alle andre<br \/>\nkjettere, m\u00e5 bli fernet fra Guds ansikt og fra alle katolikker, og skal drives ut av<br \/>\nv\u00e5rt land\u00bb. (47)<br \/>\nBruken av uttrykket \u00abinsabbathi\u00bb i denne uttalelsen, henviser til dem som skulle<br \/>\nutvises fra Spania, og det forteller oss igjen om sabbatsholdere i Spania i middelalderen. At insabbathi var valdensere er dokumentert av Bernard Gui, en ber\u00f8mt<br \/>\nleder for inkvisisjonen. (48) Han hevder at \u00abensavates\u00bb (insabbatati) var navnet<br \/>\nsom ble gitt til valdenserne. (49)<br \/>\nDet er to interessante observasjoner som kaster lys over uttrykket \u00abinsabbathi\u00bb<br \/>\nbenyttet i kong Alphonsos erkl\u00e6ring. Den f\u00f8rste er at det eksisterer et gotisk<\/span><br \/>\n<span class=\"fontstyle0\">ved dette navn, ikke fordi de ble omsk\u00e5ret, men fordi de helligholdt sabbaten i<br \/>\nsamsvar med Bibelens innhold og j\u00f8disk lov, (54)<br \/>\nLike etter at kong Alphonsos dekret mot insabbatati ble skrevet, dukket det opp en pavelig skribent i Spania, som<br \/>\netter hvert ble kjent og ber\u00f8mt. Hans navn var Lucas fra byen Tuy, ofte kalt Lucas Tudensis.<br \/>\nHans skrifter viser klart hvor mange sabbatsholdere det var i Spania i 1260.<br \/>\nLucas d\u00f8de omkring 75 \u00e5r f\u00f8r Wycli\ufb00e begynte sitt arbeid, han som ofte er kalt<br \/>\n\u00abReformasjonens morgenstjerne\u00bb. De som \u00f8nsker \u00e5 lese noe av det Lucas skrev,<br \/>\nvil legge merke til hvordan han satte pris p\u00e5 arbeidet til den spanske helgenen<\/span><\/p>\n<figure id=\"attachment_2165\" aria-describedby=\"caption-attachment-2165\" style=\"width: 376px\" class=\"wp-caption alignright\"><a href=\"http:\/\/www.bibelmuseum.no\/wordpress\/wp-content\/uploads\/2018\/04\/126S335Stone-markeratthe-foot-of-Montsegur-commemorating-the-massacre-of-the-Albigenses.jpg\"><img loading=\"lazy\" decoding=\"async\" class=\"wp-image-2165\" src=\"http:\/\/www.bibelmuseum.no\/wordpress\/wp-content\/uploads\/2018\/04\/126S335Stone-markeratthe-foot-of-Montsegur-commemorating-the-massacre-of-the-Albigenses-1024x805.jpg\" alt=\"\" width=\"376\" height=\"296\" srcset=\"https:\/\/www.bibelmuseum.no\/wordpress\/wp-content\/uploads\/2018\/04\/126S335Stone-markeratthe-foot-of-Montsegur-commemorating-the-massacre-of-the-Albigenses-1024x805.jpg 1024w, https:\/\/www.bibelmuseum.no\/wordpress\/wp-content\/uploads\/2018\/04\/126S335Stone-markeratthe-foot-of-Montsegur-commemorating-the-massacre-of-the-Albigenses-300x236.jpg 300w, https:\/\/www.bibelmuseum.no\/wordpress\/wp-content\/uploads\/2018\/04\/126S335Stone-markeratthe-foot-of-Montsegur-commemorating-the-massacre-of-the-Albigenses-768x604.jpg 768w, https:\/\/www.bibelmuseum.no\/wordpress\/wp-content\/uploads\/2018\/04\/126S335Stone-markeratthe-foot-of-Montsegur-commemorating-the-massacre-of-the-Albigenses-150x118.jpg 150w, https:\/\/www.bibelmuseum.no\/wordpress\/wp-content\/uploads\/2018\/04\/126S335Stone-markeratthe-foot-of-Montsegur-commemorating-the-massacre-of-the-Albigenses-696x547.jpg 696w, https:\/\/www.bibelmuseum.no\/wordpress\/wp-content\/uploads\/2018\/04\/126S335Stone-markeratthe-foot-of-Montsegur-commemorating-the-massacre-of-the-Albigenses-1068x839.jpg 1068w, https:\/\/www.bibelmuseum.no\/wordpress\/wp-content\/uploads\/2018\/04\/126S335Stone-markeratthe-foot-of-Montsegur-commemorating-the-massacre-of-the-Albigenses-534x420.jpg 534w, https:\/\/www.bibelmuseum.no\/wordpress\/wp-content\/uploads\/2018\/04\/126S335Stone-markeratthe-foot-of-Montsegur-commemorating-the-massacre-of-the-Albigenses.jpg 1336w\" sizes=\"auto, (max-width: 376px) 100vw, 376px\" \/><\/a><figcaption id=\"caption-attachment-2165\" class=\"wp-caption-text\">Minnestein satt opp for \u00e5 minnes massakren av Albigenserne (Valdenserne)<\/figcaption><\/figure>\n<p>Isidore, og hvordan han beklaget at den spanske begeistringen var avtagende,<br \/>\nog at f\u00e5 var villige til \u00e5 g\u00e5 til krig mot fender av kirkens tro. Han uttrykte avsky<br \/>\nfor \u00abkjetternes\u00bb samlinger og deres o\ufb00 entlige forkynnelse. Han raste ogs\u00e5 mot<br \/>\nverdsligheten i de lokale katolske kirkene. (55)<br \/>\nDet f\u00f8lgende er utdrag fra et vitnesbyrd om sabbaten, gitt av en kvinnelig valdensisk fange som ble dratt foran en av inkvisisjonens domstoler. Hendelsen fant<br \/>\nsannsynligvis sted i Freiburg i Tyskland. Fange Barbara Von T ies erkl\u00e6rte at hun<br \/>\nikke ville ha noe \u00e5 gj\u00f8re med skriftem\u00e5let til prestene. Hun gjorde det klart at<br \/>\njomfru Maria ikke inngikk i hennes kristentro. Vedr\u00f8rende s\u00f8ndag som helligdag,<br \/>\nsa hun: \u00abGud har bedt oss om \u00e5 hvile p\u00e5 den sjuende-dags sabbat, og det er nok<br \/>\n<span class=\"fontstyle0\">for meg. Ved Guds hjelp og av hans n\u00e5de, skal vi alle st\u00e5 ved sannheten og d\u00f8 i<br \/>\nv\u00e5r bibelske tro, for det er den rette tro og den eneste m\u00e5te \u00e5 leve i Kristus\u00bb. (56)<br \/>\nKristi velsignelse p\u00e5 disse forfulgte Guds barn var s\u00e5 stor at de fkk inn\ufb02ytelse<br \/>\ni mange land. Mosheim skrev at f\u00f8r Luthers tid, fantes det i nesten hvert land<br \/>\ni Europa, spesielt i Bohemia, Moravia, Sveits og Tyskland, mange som hadde<br \/>\nsine sinn dypt ankret i prinsippene som ble synliggjort av valdenserne, Wycli\ufb00es<br \/>\netterf\u00f8lgere og dem som hadde l\u00e6rt av Huss. (57)<br \/>\nDet ferde buds sabbat ble helligholdt av dette folket, i lydighet mot den moralske<br \/>\nlov. Det f\u00f8lgende sitatet fra Lamy viser hvor h\u00f8yt sabbatsholdere var ansett blant<br \/>\nlorder og prinser: \u00abAlle r\u00e5dsherrer og fyrster var enige med l\u00e6ren som kom fra<br \/>\nWittenburg, Augsburg, Geneva og Zurich\u00bb. Blant dem var Petrowitz, Jasper<br \/>\nCornis, Christopher Famigall og John Gerendi, som var leder for sabbaterianerne.<br \/>\nDe var kristne som ikke helligholdt s\u00f8ndag som religi\u00f8s hviledag, men sabbaten,<br \/>\nog de tok navnet genoldister. (58)<br \/>\nDet er en harmonisk kjede av sannheter fra apostlenes tid til reformatorene &#8211; og<br \/>\nvidere. Det inkluderer sannhetene som ble trodd av de kristne i Nord-Italia, nemlig<br \/>\nhva albigenserne forkynte, hva Wycli\ufb00e l\u00e6rte og undervisningen til Huss. Andr\u00e9<br \/>\nFavyn, en kjent romersk katolsk historieskriver, som skrev p\u00e5 fransk, viser en r\u00f8d<br \/>\ntr\u00e5d fra Luther, bakover gjennom l\u00e6ren til Vigilantius og videre til Jovinianus, og<br \/>\nhan hevder at Vigilantius ga doktrinene til albigenserne, som ble kalt valdenserne<br \/>\nog at de igjen overf\u00f8rte dem til Wycli\ufb00e og til etterf\u00f8lgerne av Huss og Jerome<br \/>\ni Bohemia. (59)<br \/>\nInspirert av Kristi budskap, fortsatte valdenserne sitt misjonsarbeid. Noen steder<br \/>\nble de kalt passaginians. I dokumentet \u00abWaldensian Research\u00bb, skriver forskeren<br \/>\nGilby: \u00abPassaginians, Passagini eller \u00abinnbyggerne i fellpassene\u00bb, fra det latinske<br \/>\nordet passagium, er navnene gitt dette folket. Sv\u00e6rt mange av valdenserne, uansett<\/span><br \/>\n<span class=\"fontstyle0\">hvilket navn de fkk, helligholdt Guds sabbat i det ferde bud og forkynte at denne<br \/>\nlydigheten til Guds Ord var alles plikt.<br \/>\nDet var nettopp p\u00e5 grunn av denne lojaliteten til Skriften at navnene insabbati eller<br \/>\ninsabbatati ble gitt dem. B\u00f8nder og innbyggerne i landsbyene, som selv arbeidet<br \/>\np\u00e5 l\u00f8rdag, observerte at disse kristne kom sammen for \u00e5 studere Skriften og tilbe<br \/>\nGud p\u00e5 sabbatsdagen, og kalte dem av den grunn Insabbatati. Vi kan merke oss<br \/>\nat ordet sabbat, aldri ble benyttet for \u00e5 beskrive s\u00f8ndag.<br \/>\nN\u00e5r han omtaler s\u00f8ndagsloven til keiser Konstantin, fra 321, skriver Robert Cox:<br \/>\n\u00abDet er ingen indikasjon p\u00e5 at f\u00f8r denne loven ble vedtatt noen steder i kristenheten, ble helligholdelse av sabbaten knyttet til begrepet \u00abHerrens dag\u00bb. (60)<br \/>\nAt valdenserne var forpliktet til \u00e5 overholde l\u00f8rdag som sabbat blir synliggjort i<br \/>\ndette sitatet: \u00abDe (valdenserne) hevder at ingen av tradisjonene som kirken har<br \/>\nintrodusert etter Kristi oppstandelse, burde bli etterfulgt, enten det er festdager,<br \/>\nfaster, posisjoner eller embeter i kirken. (61) Erasmus skriver om de troende i<br \/>\nBohemia, at s\u00e5 sent som p\u00e5 1500-tallet, helligholdt de sabbaten n\u00f8ye og de ble<br \/>\nkalt sabbaterianere\u00bb. Konklusjonen er at det fnnes massiv dokumentasjon p\u00e5 at<br \/>\nvaldenserne, uansett hvilket navn som ble benyttet om dem, helligholdt sabbaten.<br \/>\n<\/span><\/p>\n<p>&nbsp;<\/p>\n<p>&nbsp;<\/p>\n<p><span class=\"fontstyle2\" style=\"font-size: 18pt;\">Valdenserne og reformasjonen.<\/span><\/p>\n<p><span class=\"fontstyle2\"><br \/>\n<\/span><span class=\"fontstyle0\">Selv om det er sant at de reformerte kirkene endret Europas ideologiske profl,<br \/>\nmislykkes de i \u00e5 forkaste visse latinske tradisjoner, noe som skulle bli et problem for<br \/>\ndem p\u00e5 et senere tidspunkt. Pastor Robinson holdt en avskjedstale til pilgrimmene<br \/>\nsom reise fra Holland for \u00e5 fnne lykken i en ny verden. Han advarte dem og sa at<br \/>\ndet var n\u00e6r umulig for en kirke (han henviste til reformatorene), som nettopp hadde<br \/>\nkommet ut fra m\u00f8rket som preget et anti-kristent milj\u00f8 (han mente katolisismen),<br \/>\n\u00e5 ha mottatt alt lyset som er \u00e5 fnne i Guds Ord. (62)<\/span><br \/>\n<span class=\"fontstyle0\">Alt kunne blitt annerledes hvis menighetene i Piemonte (oversetternes anmerkning:<br \/>\nPiemonte betyr \u00abved foten av berget\u00bb og henviser til omr\u00e5det ved Lago Maggiore og<br \/>\nLanghe i Italia, hvor de \ufb02 este av de f\u00f8rste pilgrimmene kom fra), hadde v\u00e6rt i stand<br \/>\ntil \u00e5 holde fast p\u00e5 valdensernes rene l\u00e6re. Da ville ikke de moderne valdenserne s\u00e5<br \/>\nlett ha kommet i kon\ufb02ikt med bibeltroen til sine forgjengere. Allerede i \u00e5r 1630<br \/>\nkan vi se hva som skjedde. P\u00e5 grunn av geografsk n\u00e6rhet til de kristne i Frankrike<br \/>\nog Sveits, ble valdenserne som var isolerte i dalene i Piemonte, i en prosess ledet<br \/>\ntil \u00e5 akseptere \ufb02ere av l\u00e6resetningene til datidens generelle kristenhet. Likevel<br \/>\nholdt de fast p\u00e5 mye av den opprinnelige teologien og moralen. Men nettopp i \u00e5r<br \/>\n1630, d\u00f8de utrolig mange valdensere av en pest, og deres nye l\u00e6rere, som kom fra<br \/>\nFrankrike, innf\u00f8rte en tro som var tilpasset den franske reformerte kirken. (63)<br \/>\nSelv om valdenserne hadde mye til felles med de reformerte kirkene, mistet de ikke<br \/>\nsin egen organisasjon. De reformerte kirkene vokste hurtig og f kk etter hvert s\u00e5<br \/>\nstor makt og inn\ufb02 ytelse, at de i Tyskland og England var fri fra Roms forf\u00f8lgelse.<br \/>\nDenne friheten var ikke et privilegium for valdenserne som levde under italiensk<br \/>\nstyre. Etter en konferanse hvor en delegasjon fra de reformerte kirkene m\u00f8tte<br \/>\nmed valdenserne, vedtok de at de skulle v\u00e6re mer \u00e5pne og modige i sitt arbeid<br \/>\nog sine vitnesbyrd enn de hadde v\u00e6rt tidligere. Den 21 januar i \u00e5r 1561, dagen<br \/>\netter at denne konferansen var avsluttet, i de vakre f ellene i alpene, og delegatene<br \/>\nfra de reformerte kirkene hadde erkl\u00e6rt evig vennskap med dem og reist hjem,<br \/>\npubliserte fenden (den katolske kirke) et dekret som tvang alle valdensere til \u00e5<br \/>\nm\u00f8te til messe i sin n\u00e6rmeste katolske kirke.<br \/>\nKirken erkl\u00e6rte krig mot folket i fellene, og alle som kirkens menn fkk tak i,<br \/>\nble fengslet, pint, hengt, brent p\u00e5 b\u00e5let eller drept p\u00e5 de mest grusomme m\u00e5ter.<br \/>\nMen valdenserne slo hardt tilbake og krigen ble s\u00e5 voldsom at guvern\u00f8ren i Savoy<br \/>\n(in\ufb02uert av sin protestantiske kone), ga valdenserne midlertidig amnesti for \u00e5<br \/>\nstoppe kirkens forf\u00f8lgelse.<\/span><br \/>\n<span class=\"fontstyle0\">Men striden fortsatte fra \u00e5r 1655 til 1689, og ord kan ikke beskrive alle grusomhetene. De trofaste valdenserne ble omtrent utryddet av den politiske katolske<br \/>\nkirkemakten. Det var grusomme massakre. Hele landsbyer ble brent ned, gamle<br \/>\nmennesker ble gjennomboret med spyd eller druknet, spebarn ble revet fra sine<br \/>\nm\u00f8dre og f kk hodene knust mot f ellveggen. Store \ufb02okker av valdensere ble<br \/>\ndrevet gjennom fellpassene. Omtrent halvparten av alle valdensere ble tvunget<br \/>\ni eksil. Om denne forf\u00f8lgelsen skrev en geistlig: \u00abHvis de protestantiske kirkene<br \/>\ni Europa til slutt ikke hadde grepet inn, ville vi sett en fullstendig utryddelse av<br \/>\nvaldenserne som et folk. (64) Da den 1260 \u00e5r lange profetien var avsluttet, hadde<br \/>\ndenne trofaste grenen av \u00abkirken i \u00f8demarken\u00bb oppn\u00e5dd religi\u00f8s frihet. Det var<br \/>\nforf\u00f8lgelsen av valdenserne som motiverte John Milton til \u00e5 skrive sitt ber\u00f8mte<br \/>\ndikt: (Vi gjengir her diktet p\u00e5 originalspr\u00e5ket, siden en oversettelse ville miste<br \/>\nmye av dybden i de gamle engelske ordene.)<br \/>\n<\/span><\/p>\n<p>&nbsp;<\/p>\n<p><span class=\"fontstyle2\" style=\"font-size: 18pt;\">\u00abOn the Late Massacre in Piedmont.\u00bb<\/span><\/p>\n<p><span class=\"fontstyle2\"><br \/>\n<\/span><span class=\"fontstyle0\">\u201cAvenge, O Lord, Ty slaughtered saints, whose bones Lie scattered on the Alpine<br \/>\nmountains cold, Ev\u2019n them who kept Ty truth so pure of old When all our<br \/>\nfathers worshiped stocks and stones. Forget not: in T y book record their groans<br \/>\nWho were T y sheep and in their ancient fold Slain by the bloody Piedmontese<br \/>\nthat rolled Mother with infant down the rocks. Teir moans Te vaies redoubled<br \/>\nto the hills, and they To heaven. Teir martyred blood and ashes sow 0\u2019er all the<br \/>\nItalian felds where still doth sway. Te triple tyrant: that from these may grow<br \/>\nA hundredfold, who having learned Ty way, Early may \ufb02y the Babylonian woe\u201d.<br \/>\n<\/span><\/p>\n<p>&nbsp;<\/p>\n<p><span class=\"fontstyle2\" style=\"font-size: 18pt;\">En global oppv\u00e5kning til Bibelens profetier.<\/span><\/p>\n<figure id=\"attachment_2166\" aria-describedby=\"caption-attachment-2166\" style=\"width: 591px\" class=\"wp-caption alignnone\"><a href=\"http:\/\/www.bibelmuseum.no\/wordpress\/wp-content\/uploads\/2018\/04\/128S360laTorre-Costelluzzofjelltilh\u00f8yremassakre1655.jpg\"><img loading=\"lazy\" decoding=\"async\" class=\"wp-image-2166\" src=\"http:\/\/www.bibelmuseum.no\/wordpress\/wp-content\/uploads\/2018\/04\/128S360laTorre-Costelluzzofjelltilh\u00f8yremassakre1655-1024x799.jpg\" alt=\"\" width=\"591\" height=\"461\" srcset=\"https:\/\/www.bibelmuseum.no\/wordpress\/wp-content\/uploads\/2018\/04\/128S360laTorre-Costelluzzofjelltilh\u00f8yremassakre1655-1024x799.jpg 1024w, https:\/\/www.bibelmuseum.no\/wordpress\/wp-content\/uploads\/2018\/04\/128S360laTorre-Costelluzzofjelltilh\u00f8yremassakre1655-300x234.jpg 300w, https:\/\/www.bibelmuseum.no\/wordpress\/wp-content\/uploads\/2018\/04\/128S360laTorre-Costelluzzofjelltilh\u00f8yremassakre1655-768x599.jpg 768w, https:\/\/www.bibelmuseum.no\/wordpress\/wp-content\/uploads\/2018\/04\/128S360laTorre-Costelluzzofjelltilh\u00f8yremassakre1655-150x117.jpg 150w, https:\/\/www.bibelmuseum.no\/wordpress\/wp-content\/uploads\/2018\/04\/128S360laTorre-Costelluzzofjelltilh\u00f8yremassakre1655-696x543.jpg 696w, https:\/\/www.bibelmuseum.no\/wordpress\/wp-content\/uploads\/2018\/04\/128S360laTorre-Costelluzzofjelltilh\u00f8yremassakre1655-1068x833.jpg 1068w, https:\/\/www.bibelmuseum.no\/wordpress\/wp-content\/uploads\/2018\/04\/128S360laTorre-Costelluzzofjelltilh\u00f8yremassakre1655-538x420.jpg 538w, https:\/\/www.bibelmuseum.no\/wordpress\/wp-content\/uploads\/2018\/04\/128S360laTorre-Costelluzzofjelltilh\u00f8yremassakre1655.jpg 1346w\" sizes=\"auto, (max-width: 591px) 100vw, 591px\" \/><\/a><figcaption id=\"caption-attachment-2166\" class=\"wp-caption-text\">I dette omr\u00e5det ble mange Valdensere drept for sin tro<\/figcaption><\/figure>\n<p><span class=\"fontstyle2\"><br \/>\n<\/span><span class=\"fontstyle0\">Protestantismen var for det meste en frukt av \u00abmenigheten i \u00f8demarken\u00bb. Den tok<br \/>\navstand fra den katolske ideen at apostlenes og Bibelens evangelium skulle fortsette<br \/>\n\u00e5 utvikle seg og modnes gjennom kirkehierarkiet, (the development theori). De<br \/>\navviste at nytt lys kunne avska\ufb00e det lyset som skinte fra Jesu undervisning gitt<br \/>\ntil disiplene. Ved og gjennom denne teorien krever pavemakten rett til \u00e5 legge til<br \/>\nsannheten det som kirken til enhver tid s\u00e5 fordelaktig.<\/span><br \/>\n<span class=\"fontstyle0\">Det var denne ideen som drev kirken til \u00e5 utvikle en rekke dogmer som var<br \/>\nfremmede for Guds Ord. Kardinal Gibbon skriver rett ut: \u00abSkriften alene inneholder<br \/>\nikke all den sannhet som de kristne er forpliktet til \u00e5 tro.\u00bb (65) Protestantismen<br \/>\nrepresenterer en tilbakevending til Bibelen og vektla en vekst ved \u00e5 gjenoppdage<br \/>\nog leve etter det lyset Bibelen tilbyr. Protestantismen vokste fort og etter hvert<br \/>\nsom den utdypet Bibelens l\u00e6re, v\u00e5knet mange av dens menigheter i det attende<br \/>\n\u00e5rhundre til behovet for \u00e5 forst\u00e5 advarslene inkludert i de Bibelske profetiene.<br \/>\nMange studerte derfor profetiene som hadde \u00e5 gj\u00f8re med endetiden.<br \/>\nDet var ogs\u00e5 \u00e5rsaken til at John Wesley, i \u00e5r 1756, skrev og forkynte det f\u00f8lgende<br \/>\nom dyret med de to horn omtalt i Johannes \u00c5penbaring kapittel 13. \u00abHan (dyret,<br \/>\nmakten) har enda ikke dukket opp, men han kan ikke v\u00e6re langt borte, for han<br \/>\nvil komme til syne ved avslutningen av de 42 m\u00e5nedene til det f\u00f8rste dyret\u00bb. (66)<\/span><\/p>\n<p><span class=\"fontstyle0\">Profetien om de 1260 \u00e5rene var noe omtrent alle kristne var opptatt av p\u00e5 den<br \/>\ntiden. Det ledet ogs\u00e5 til et dypere studium av de 70 \u00e5r\/ukene i profetien fra det 9.<br \/>\nkapittel i Daniels bok, som har datoen for Krist korsfestelse som en dokumentasjon.<br \/>\nTiden var kommet da Guds sanne og rene menighet kunne komme tilbake fra<br \/>\n\u00ab\u00f8demarken\u00bb hvor den skjulte seg fra \u00abdyrets\u00bb forf\u00f8lgelse.<br \/>\nDenne innsikten ledet ogs\u00e5 til manges studium av den lange 2300 dagers profetien<br \/>\ni Daniels bok, kapittel 8. Bibelselskaper ble etablert og misjonsforeninger startet.<br \/>\nNidkj\u00e6re misjon\u00e6rer reiste til mange land for \u00e5 forkynne at endetiden var n\u00e6r.<br \/>\nMenigheten i \u00f8demarken hadde bevart og trofast forkynt Bibelens sannheter og<br \/>\nble n\u00e5 etterfulgt av tiden for Guds siste menighet, \u00ablevningen\u00bb, som \u00abholder fast<br \/>\nved Guds bud og har Jesu tro\u00bb, \u00c5p. 14:12.<\/span><\/p>\n<p>&nbsp;<\/p>\n<p>&nbsp;<\/p>\n<p>__________________________________________________________<\/p>\n<p>Kilder og henvisninger:<\/p>\n<p><span class=\"fontstyle0\">(1) Arnaud, Te Glorious Recovery by the Vaudois, Preface by the author, p. xiv. (2)<br \/>\nBenedict, A General History of the Baptist Denomination, vol. 1, p. 112. (3) Gilly,<br \/>\nWaldensian Researches, p. 39; Jones, Te History of the Christian Church, vol. 2, p. 6;<br \/>\nRobinson, Ecclesiastical Researches, p. 178. (4) Muston, T e Israel of the Alps, vol. 2,<br \/>\np. 448. (5) Bompiani, A Short History of the Italian Waldenses, pp. 56, 57. (6) Muston,<br \/>\nT e Israel of the Alps, vol. 1, p. 36. (7) McCabe, Cross and Crown, p. 32, also Perrin,<br \/>\nHistory of the Ancient Christians, pp. 47, 48. (8) Mornay, Te Mysterie of Iniquitie, p.<br \/>\n354. (9) Wylie, Te History of Protestantism, vol. 1, pp. 29, 30. (10) Nolan, Te Integ<\/span><br \/>\n<span class=\"fontstyle2\">460<br \/>\n<\/span><span class=\"fontstyle0\">rity of the Greek Vulgate, pp. 88, 89. (11) Allix, Te Ancient Churches of Piedmont, p.<br \/>\n37. (12) Warner, T e Albigensian Heresy, vol. 1, p. 12. (13) Henderson, Te Vaudois,<br \/>\npp. 248,249. (14) In a famous library in Dublin, Ireland, the writer saw one of the four<br \/>\nextant copies of this Waldensian Bible.<br \/>\n(15) Bompiani, A Short History of the Italian Waldenses, pp. 2, 3. (16) Muston, Te<br \/>\nIsrael of the Alps, vol. 1, p. 52. (17) Ibid., vol. 2, p. 448. (18) Tompson, Te Papacy<br \/>\nand the Civil Power, p. 416. (19) Gilly, Waldensian Researches, p. 76. (20) Edgar, Te<br \/>\nVariations of Popery, pp. 51, 52. (21) Perrin, Luther\u2019s Forerunners, pt. 2, pp. 1, 2. (22)<br \/>\nMornay, Te Mysterie of Iniquitie, p. 392. (23) McCabe, Cross and Crown, p. 37. (24)<br \/>\nMonastier, A History of the Vaudois Church, pp. 83, 84. (25) Mornay, Te Mysterie<br \/>\nof Iniquitie, p. 449. (26) Muir, Te Arrested Reformation, p. 3. (27) Te United States<br \/>\nCatholic Magazine, Index to vol. 4, 1845, pp. 233, 234. (28) Te United States Catholic<br \/>\nMagazine, Index to vol. 4, 1845, p. 233.<br \/>\n(29) Socrates, Ecclesiastical History, b. 5, ch. 22, found in Nicene and PostNicene<br \/>\nFathers, 2d Series, vol. 2. (30) Sozomen, Ecclesiastical History, b. 7, ch. 19, found in<br \/>\nNicene and PostNicene Fathers, 2d Series, vol. 2. (31) Robinson, Ecclesiastical Researches, p. 180. It should be noted that some church historians place the date of the<br \/>\nCouncil of Elvira at A.D. 324; among these is Michael Geddes, an eminent authority on<br \/>\nSpanish church history. (32) \u201cErrorum placuit corrigi, ut omni Sabbati die superpositiones celebremus.\u201d Mansi, Sacrorum Conciliorum Nova et Amplissima Collectio, vol.<br \/>\n2, p. 10. (33) See the author\u2019s discussion in Chapter 20, entitled, \u201cTe Great Struggle<br \/>\nin India,\u201d pp. 311-314. (34) Robinson, Ecclesiastical Researches, p. 299. (35) Ibid., p.<br \/>\n302. (36) Ibid., p. 310. (37) Te writer had the privilege of visiting Sabadell many years<br \/>\nago, and assisting in the baptism of Christian converts. (38) Robinson, Ecclesiastical<br \/>\nResearches, pp. 319-321. (39) Mansi, Sacrorum Conciliorum Nova et Amplissima Collectio, vol. 13, p. 852. (40) Responsa Nicolai Papae I ad Consulta Bulgarorum, Responsum 10, found in Mansi, Sacrorum Conciliorum Nova et Amplissima Collectio, vol. 15,<br \/>\np. 406. (41) Allix, Te Ancient Churches of Piedmont, p 154. (42) Benedict, A General<br \/>\nHistory of the Baptist Denomination, vol. 2, p. 414. (43) Blair, History of the Waldenses, vol. 1, p. 220. (44) Warner, T e Albigensian Heresy, vol. 1, p. 15. (45) Adeney, Te<br \/>\nGreek and Eastern Churches, p. 218. (46) Gilly, Waldensian Researches, p 98, note 2.<br \/>\n(47) Marianae, Praefatio in Lucam Tudensem, found in Maxima Bibliotheca Veterum<br \/>\nPatrum, vol. 25, p. 190.<br \/>\n(48) Gui, Manuel d\u2019 Inquisiteur, vol. 2, p. 158. (49) Du Cange, Glossarium Mediae et<br \/>\nEnfmae Latinitatis, art. \u201cSabatati.\u201d (50) Geddes, Miscellaneous Tracts, vol. 2, p. 26. (51)<br \/>\nWhishaw, Arabic Spain, pp. 19, 20, also Mosheim, Institutes of Ecclesiastical History,<br \/>\nb. 3, cent. 11, pt. 2, ch. 4, par. 1. (52) Geddes, Miscellaneous Tracts, vol. 2, p. 71. (53)<br \/>\nRobinson, Ecclesiastical Researches, pp. 271,272. (54) Quoted by Dr. Jacob Gretzer,<br \/>\nOpera Omnia, vol. 12, pt. 2, p. 11. 55. (55) Gilly, Waldensian Researches, pp. 102, 103.<\/span><br \/>\n<span class=\"fontstyle3\">Sannheten Seirer <\/span><span class=\"fontstyle2\">461<br \/>\n<\/span><span class=\"fontstyle0\">(56) Der Blutige Schau-Platz, Oder Martyrer Spiegel der Taufs Gesinnten, b. 2, pp.<br \/>\n30,31. (57) Mosheim, Institutes of Ecclesiastical History, b. 4, cent. 16, sec. 3, pt. 2, ch.<br \/>\n3, par. 2. (58) Lamy, Te History of Socianism, p. 60. (59) Favyn, Histoire de Navarre,<br \/>\npp. 713-715. (60) Cox, Te Literature of the Sabbath Question, vol. 1, p. 257. (61) See<br \/>\nLewis, A Critical History of Sabbath and Sunday, pp. 211,212. (62) Cox, Te Literature<br \/>\nof the Sabbath Question, vol. 2, pp. 201,202. (63) Mosheim, Institutes of Ecclesiastical<br \/>\nHistory, b. 4, cent. 16, sec. 3, pt. 2, ch. 2, par. 25. (64) M\u2019Clintock and Strong, Cyclopedia, art. \u201cWaldenses.\u201d (65) Gibbons, Te Faith of Our Fathers, p. 111, 63d ed.; p. 86, 76th<br \/>\ned. (66) Notes on Revelation 14.<\/span><\/p>\n","protected":false},"excerpt":{"rendered":"<p>Valdenserne er etterkommerne til \ufb02yktningene fra Italia, som etter at apostelen Paulus hadde forkynt evangeliet der, forlot sitt vakre land og dro opp i fellene, slik \u00c5penbaringsboken beskriver. \u00abKvinnen\u00bb (som den rene og sanntroende menigheten), \ufb02yktet til \u00f8demarken, \u00c5p. 12:6.14, hvor Gud beskyttet den, og disse trofaste overleverte det sanne evangelium fra far til s\u00f8nn, [&hellip;]<\/p>\n","protected":false},"author":1,"featured_media":2166,"comment_status":"open","ping_status":"open","sticky":false,"template":"","format":"standard","meta":{"footnotes":""},"categories":[441],"tags":[],"class_list":{"0":"post-2156","1":"post","2":"type-post","3":"status-publish","4":"format-standard","5":"has-post-thumbnail","7":"category-den-forfulgte-kirke"},"amp_enabled":true,"_links":{"self":[{"href":"https:\/\/www.bibelmuseum.no\/wordpress\/wp-json\/wp\/v2\/posts\/2156","targetHints":{"allow":["GET"]}}],"collection":[{"href":"https:\/\/www.bibelmuseum.no\/wordpress\/wp-json\/wp\/v2\/posts"}],"about":[{"href":"https:\/\/www.bibelmuseum.no\/wordpress\/wp-json\/wp\/v2\/types\/post"}],"author":[{"embeddable":true,"href":"https:\/\/www.bibelmuseum.no\/wordpress\/wp-json\/wp\/v2\/users\/1"}],"replies":[{"embeddable":true,"href":"https:\/\/www.bibelmuseum.no\/wordpress\/wp-json\/wp\/v2\/comments?post=2156"}],"version-history":[{"count":1,"href":"https:\/\/www.bibelmuseum.no\/wordpress\/wp-json\/wp\/v2\/posts\/2156\/revisions"}],"predecessor-version":[{"id":2167,"href":"https:\/\/www.bibelmuseum.no\/wordpress\/wp-json\/wp\/v2\/posts\/2156\/revisions\/2167"}],"wp:featuredmedia":[{"embeddable":true,"href":"https:\/\/www.bibelmuseum.no\/wordpress\/wp-json\/wp\/v2\/media\/2166"}],"wp:attachment":[{"href":"https:\/\/www.bibelmuseum.no\/wordpress\/wp-json\/wp\/v2\/media?parent=2156"}],"wp:term":[{"taxonomy":"category","embeddable":true,"href":"https:\/\/www.bibelmuseum.no\/wordpress\/wp-json\/wp\/v2\/categories?post=2156"},{"taxonomy":"post_tag","embeddable":true,"href":"https:\/\/www.bibelmuseum.no\/wordpress\/wp-json\/wp\/v2\/tags?post=2156"}],"curies":[{"name":"wp","href":"https:\/\/api.w.org\/{rel}","templated":true}]}}