{"id":1764,"date":"2018-03-05T11:32:43","date_gmt":"2018-03-05T11:32:43","guid":{"rendered":"https:\/\/www.bibelmuseum.no\/wordpress\/?p=1764"},"modified":"2018-03-05T11:34:35","modified_gmt":"2018-03-05T11:34:35","slug":"tidslinje-fra-adam-til-abraham","status":"publish","type":"post","link":"https:\/\/www.bibelmuseum.no\/wordpress\/tidslinje-fra-adam-til-abraham\/","title":{"rendered":"Tidslinje fra Adam til Abraham"},"content":{"rendered":"<p><a href=\"http:\/\/www.bibelmuseum.no\/wordpress\/wp-content\/uploads\/2018\/03\/adam_abraham.jpg\"><br \/>\n<img loading=\"lazy\" decoding=\"async\" class=\"alignnone wp-image-1765\" src=\"http:\/\/www.bibelmuseum.no\/wordpress\/wp-content\/uploads\/2018\/03\/adam_abraham-1024x768.jpg\" alt=\"\" width=\"619\" height=\"464\" srcset=\"https:\/\/www.bibelmuseum.no\/wordpress\/wp-content\/uploads\/2018\/03\/adam_abraham-1024x768.jpg 1024w, https:\/\/www.bibelmuseum.no\/wordpress\/wp-content\/uploads\/2018\/03\/adam_abraham-300x225.jpg 300w, https:\/\/www.bibelmuseum.no\/wordpress\/wp-content\/uploads\/2018\/03\/adam_abraham-768x576.jpg 768w, https:\/\/www.bibelmuseum.no\/wordpress\/wp-content\/uploads\/2018\/03\/adam_abraham-150x112.jpg 150w, https:\/\/www.bibelmuseum.no\/wordpress\/wp-content\/uploads\/2018\/03\/adam_abraham-696x522.jpg 696w, https:\/\/www.bibelmuseum.no\/wordpress\/wp-content\/uploads\/2018\/03\/adam_abraham-1068x801.jpg 1068w, https:\/\/www.bibelmuseum.no\/wordpress\/wp-content\/uploads\/2018\/03\/adam_abraham-560x420.jpg 560w, https:\/\/www.bibelmuseum.no\/wordpress\/wp-content\/uploads\/2018\/03\/adam_abraham-80x60.jpg 80w, https:\/\/www.bibelmuseum.no\/wordpress\/wp-content\/uploads\/2018\/03\/adam_abraham-265x198.jpg 265w, https:\/\/www.bibelmuseum.no\/wordpress\/wp-content\/uploads\/2018\/03\/adam_abraham.jpg 1131w\" sizes=\"auto, (max-width: 619px) 100vw, 619px\" \/><br \/>\n<\/a><br \/>\nTidslinjen viser navn, alder de var da s\u00f8nnen ble f\u00f8dt og hvor gamle de var da de d\u00f8de.<\/p>\n","protected":false},"excerpt":{"rendered":"<p>Tidslinjen viser navn, alder de var da s\u00f8nnen ble f\u00f8dt og hvor gamle de var da de d\u00f8de.<\/p>\n","protected":false},"author":1,"featured_media":1766,"comment_status":"open","ping_status":"open","sticky":false,"template":"","format":"standard","meta":{"footnotes":""},"categories":[17,261],"tags":[281,267,284,268,280,270,283,282],"class_list":{"0":"post-1764","1":"post","2":"type-post","3":"status-publish","4":"format-standard","5":"has-post-thumbnail","7":"category-bibelen","8":"category-bibelsk-kronologi","9":"tag-adam","10":"tag-bibel-kronologi","11":"tag-etterkommere","12":"tag-kronologi","13":"tag-kronologisk-rekkefolge","14":"tag-tidslinje","15":"tag-aetteliste","16":"tag-aettetavle"},"amp_enabled":true,"_links":{"self":[{"href":"https:\/\/www.bibelmuseum.no\/wordpress\/wp-json\/wp\/v2\/posts\/1764","targetHints":{"allow":["GET"]}}],"collection":[{"href":"https:\/\/www.bibelmuseum.no\/wordpress\/wp-json\/wp\/v2\/posts"}],"about":[{"href":"https:\/\/www.bibelmuseum.no\/wordpress\/wp-json\/wp\/v2\/types\/post"}],"author":[{"embeddable":true,"href":"https:\/\/www.bibelmuseum.no\/wordpress\/wp-json\/wp\/v2\/users\/1"}],"replies":[{"embeddable":true,"href":"https:\/\/www.bibelmuseum.no\/wordpress\/wp-json\/wp\/v2\/comments?post=1764"}],"version-history":[{"count":5,"href":"https:\/\/www.bibelmuseum.no\/wordpress\/wp-json\/wp\/v2\/posts\/1764\/revisions"}],"predecessor-version":[{"id":1771,"href":"https:\/\/www.bibelmuseum.no\/wordpress\/wp-json\/wp\/v2\/posts\/1764\/revisions\/1771"}],"wp:featuredmedia":[{"embeddable":true,"href":"https:\/\/www.bibelmuseum.no\/wordpress\/wp-json\/wp\/v2\/media\/1766"}],"wp:attachment":[{"href":"https:\/\/www.bibelmuseum.no\/wordpress\/wp-json\/wp\/v2\/media?parent=1764"}],"wp:term":[{"taxonomy":"category","embeddable":true,"href":"https:\/\/www.bibelmuseum.no\/wordpress\/wp-json\/wp\/v2\/categories?post=1764"},{"taxonomy":"post_tag","embeddable":true,"href":"https:\/\/www.bibelmuseum.no\/wordpress\/wp-json\/wp\/v2\/tags?post=1764"}],"curies":[{"name":"wp","href":"https:\/\/api.w.org\/{rel}","templated":true}]}}