{"id":130,"date":"2013-11-05T14:26:52","date_gmt":"2013-11-05T14:26:52","guid":{"rendered":"https:\/\/www.bibelmuseum.no\/wordpress\/?p=130"},"modified":"2023-01-29T10:12:35","modified_gmt":"2023-01-29T10:12:35","slug":"jetro-prest-i-midian","status":"publish","type":"post","link":"https:\/\/www.bibelmuseum.no\/wordpress\/jetro-prest-i-midian\/","title":{"rendered":"Jetro &#8211; Prest i Midian"},"content":{"rendered":"<figure id=\"attachment_133\" aria-describedby=\"caption-attachment-133\" style=\"width: 266px\" class=\"wp-caption alignright\"><a href=\"http:\/\/www.bibelmuseum.no\/wordpress\/wp-content\/uploads\/2013\/11\/refidim-Al-rafi-der-Jetro-kom.png\"><img loading=\"lazy\" decoding=\"async\" class=\"size-medium wp-image-133  \" style=\"margin: 5px;\" src=\"http:\/\/www.bibelmuseum.no\/wordpress\/wp-content\/uploads\/2013\/11\/refidim-Al-rafi-der-Jetro-kom-266x300.png\" alt=\"refidim - Al-rafi - der Jetro kom\" width=\"266\" height=\"300\" srcset=\"https:\/\/www.bibelmuseum.no\/wordpress\/wp-content\/uploads\/2013\/11\/refidim-Al-rafi-der-Jetro-kom-266x300.png 266w, https:\/\/www.bibelmuseum.no\/wordpress\/wp-content\/uploads\/2013\/11\/refidim-Al-rafi-der-Jetro-kom-908x1024.png 908w, https:\/\/www.bibelmuseum.no\/wordpress\/wp-content\/uploads\/2013\/11\/refidim-Al-rafi-der-Jetro-kom-768x866.png 768w, https:\/\/www.bibelmuseum.no\/wordpress\/wp-content\/uploads\/2013\/11\/refidim-Al-rafi-der-Jetro-kom-150x169.png 150w, https:\/\/www.bibelmuseum.no\/wordpress\/wp-content\/uploads\/2013\/11\/refidim-Al-rafi-der-Jetro-kom-300x338.png 300w, https:\/\/www.bibelmuseum.no\/wordpress\/wp-content\/uploads\/2013\/11\/refidim-Al-rafi-der-Jetro-kom-696x785.png 696w, https:\/\/www.bibelmuseum.no\/wordpress\/wp-content\/uploads\/2013\/11\/refidim-Al-rafi-der-Jetro-kom-373x420.png 373w, https:\/\/www.bibelmuseum.no\/wordpress\/wp-content\/uploads\/2013\/11\/refidim-Al-rafi-der-Jetro-kom.png 998w\" sizes=\"auto, (max-width: 266px) 100vw, 266px\" \/><\/a><figcaption id=\"caption-attachment-133\" class=\"wp-caption-text\">Kartet viser hvor det fortelles at Jetro kom og m\u00f8tte Moses etter de hadde g\u00e5tt over R\u00f8dehavet.<\/figcaption><\/figure>\n<p>Eller Yithrow, yith-ro&#8217;; from yether p\u00e5 hebraisk. I 2.Mos; 2:18 og 4 Mos 10,29 blir han ogs\u00e5 kalt Re&#8217;uel fra Midjan: &#8220;N\u00e5 bryter vi opp og drar til det stedet som Herren sa at han ville gi oss. Re`uw&#8217;el, reh-oo-ale&#8217;betyr venn av Gud. Det var ikke uvanlig at man f\u00e5r tilleggsnavn som \u00e6resbevisninger.<br \/>\nBibelen forteller at han var prest i Midian. Han er best kjent som svigerfar til Moses. Moses giftet seg med hans datter Sippora, etter at han hadde r\u00f8mt fra Egypt rundt 1505 f.Kr.<br \/>\nMidian l\u00e5 den gang som n\u00e5 p\u00e5 \u00f8stsiden av Akababukta, den \u00f8stlige armen av R\u00f8dehavet. I dag heter byen AlBad og minnesmerke etter Jethro finnes den dag i dag. P\u00e5 arabisk heter han Shuab, som betyr \u201dden som viser den rette vei\u201d.<br \/>\nMidian som landet er oppkalt etter, var en av s\u00f8nnene som Abraham hadde med Ketura. [&#8230;] og Jokshan, og Medan, og Midian, og Ishbak, og Shuah.<br \/>\nAraberne har an f\u00f8r-islamsk kunnskap om denne mannen, de forteller at han var oldebarn av Abraham, via sin far. Siden Moses ogs\u00e5 var oldebarn av Abraham via sin far Amram s\u00f8nn av Levi, bekrefter dette at de levde p\u00e5 samme tid. Koranen har inkludert disse historiene om Jetro, og forteller at han var profet i Midian. Han ble kalt av Gud til \u00e5 v\u00e6re profet over midiamittene og et annet folk i omr\u00e5det. Bibelen nevner ikke dette, men gir derimot en beskrivelse av et folk som kunne trenge en prest og en profet. F\u00f8r Moses og Israels barn hadde n\u00e5dd Kanaan var de i krig med dette folket og drepte 5 av deres konger. 4 Mosebok 31:8<br \/>\nBibelen forteller at Jetro var en gudfryktig mann. Han var ogs\u00e5 en dyktig organisator og underviste Moses i hvordan han skulle organisere konflikter og r\u00e5dgivning i sin forsamling med over 1 million voksne. Hans forslag til organisasjon er ikke s\u00e5 ulik de vi benytter og foresl\u00e5 dersom man skal ha et godt arbeidsmilj\u00f8 etc. Prinsippet om \u00e5 l\u00f8se alt p\u00e5 lavest mulig niv\u00e5, ansvarsdelegering, informasjon til alle, unng\u00e5 sentralisering er r\u00e5d vi kan bruke ogs\u00e5 i dag. Hans demokratiske modell kom 1000 \u00e5r f\u00f8r grekerne!<br \/>\nMoses var den store lederen og han sleit seg ut med \u00e5 gi r\u00e5d og rydde opp i vanskeligheter. Da kom hans svigerfar Jetro p\u00e5 bes\u00f8k. Jetro var en klok og erfaren mann som selv hadde mange \u00e5 veilede. Han s\u00e5 fort at Moses gikk galt fram. \u201dDet er ikke klokt det du gj\u00f8r\u201d, sa Jertro til han. \u201dGi folket oppl\u00e6ring i Guds bud, lover og hensikt\u201d, var hans r\u00e5d. Ikke hold informasjon og kunnskap for deg selv, men l\u00e6r opp folket. \u201dL\u00e6r dem den vei de skal vandre og den gjerning de skal gj\u00f8re\u201d. Deretter ba Jetro Moses velge noen forstandige menn til \u00e5 v\u00e6re ledere for tusen, noen for hundre, noen for femti og noen for ti. Lederen over tusen fikk fort erfaring med omtrent alle typer problemer. De som var ledere over f\u00e6rre, kunne g\u00e5 til dem og f\u00e5 vite hvordan de skulle takle lignende situasjoner. N\u00e5r alle ble undervist og mottok den samme kunnskapen, gikk det ikke lenge f\u00f8r det ble f\u00e6rre og f\u00e6rre saker som ikke kunne l\u00f8ses p\u00e5 det laveste trinnet. Beslutninger ble tatt p\u00e5 grasrotplan fordi kompetansen etter hvert ogs\u00e5 var der. Ingen hersket, styrte og bestemte over andre, men alle var med p\u00e5 \u00e5 l\u00e6re og selv f\u00e5 erfaring.<br \/>\nJetros grav skal if\u00f8lge arabisk tradisjon v\u00e6re lokalisert 2 km vest for byen Mahis (mellom Amman og Jordan elven) I et omr\u00e5de oppkalt etter han, Wadi Shoaib \u2013 Jetrodalen. If\u00f8lge druserne er hans grav like ved den israelske byen Tiberias. Graven er et hellig sted for druserne.<\/p>\n<figure id=\"attachment_132\" aria-describedby=\"caption-attachment-132\" style=\"width: 225px\" class=\"wp-caption alignleft\"><a style=\"text-align: center; background-color: #f3f3f3;\" href=\"http:\/\/www.bibelmuseum.no\/wordpress\/wp-content\/uploads\/2013\/11\/Mahis-Jordan-Jetros-grav-like-ved.jpg\"><img loading=\"lazy\" decoding=\"async\" class=\"size-medium wp-image-132 \" style=\"border-style: none; margin: 5px; padding: 0px; -webkit-user-drag: none;\" src=\"http:\/\/www.bibelmuseum.no\/wordpress\/wp-content\/uploads\/2013\/11\/Mahis-Jordan-Jetros-grav-like-ved-225x300.jpg\" alt=\"Mahis,      Jordan Jetros grav like ved\" width=\"225\" height=\"300\" srcset=\"https:\/\/www.bibelmuseum.no\/wordpress\/wp-content\/uploads\/2013\/11\/Mahis-Jordan-Jetros-grav-like-ved-225x300.jpg 225w, https:\/\/www.bibelmuseum.no\/wordpress\/wp-content\/uploads\/2013\/11\/Mahis-Jordan-Jetros-grav-like-ved-150x200.jpg 150w, https:\/\/www.bibelmuseum.no\/wordpress\/wp-content\/uploads\/2013\/11\/Mahis-Jordan-Jetros-grav-like-ved-300x400.jpg 300w, https:\/\/www.bibelmuseum.no\/wordpress\/wp-content\/uploads\/2013\/11\/Mahis-Jordan-Jetros-grav-like-ved-315x420.jpg 315w, https:\/\/www.bibelmuseum.no\/wordpress\/wp-content\/uploads\/2013\/11\/Mahis-Jordan-Jetros-grav-like-ved.jpg 600w\" sizes=\"auto, (max-width: 225px) 100vw, 225px\" \/><\/a><figcaption id=\"caption-attachment-132\" class=\"wp-caption-text\">Mahis, Jordan. Stedet de hevder er Jetros grav er like ved.<\/figcaption><\/figure>\n<figure id=\"attachment_131\" aria-describedby=\"caption-attachment-131\" style=\"width: 300px\" class=\"wp-caption alignright\"><a href=\"http:\/\/www.bibelmuseum.no\/wordpress\/wp-content\/uploads\/2013\/11\/Drusernes-shuaibs-grav-ved-Tiberias.jpg\"><img loading=\"lazy\" decoding=\"async\" class=\"size-medium wp-image-131\" src=\"http:\/\/www.bibelmuseum.no\/wordpress\/wp-content\/uploads\/2013\/11\/Drusernes-shuaibs-grav-ved-Tiberias-300x207.jpg\" alt=\"OLYMPUS DIGITAL CAMERA\" width=\"300\" height=\"207\" srcset=\"https:\/\/www.bibelmuseum.no\/wordpress\/wp-content\/uploads\/2013\/11\/Drusernes-shuaibs-grav-ved-Tiberias-300x207.jpg 300w, https:\/\/www.bibelmuseum.no\/wordpress\/wp-content\/uploads\/2013\/11\/Drusernes-shuaibs-grav-ved-Tiberias-768x531.jpg 768w, https:\/\/www.bibelmuseum.no\/wordpress\/wp-content\/uploads\/2013\/11\/Drusernes-shuaibs-grav-ved-Tiberias-150x104.jpg 150w, https:\/\/www.bibelmuseum.no\/wordpress\/wp-content\/uploads\/2013\/11\/Drusernes-shuaibs-grav-ved-Tiberias-218x150.jpg 218w, https:\/\/www.bibelmuseum.no\/wordpress\/wp-content\/uploads\/2013\/11\/Drusernes-shuaibs-grav-ved-Tiberias-696x481.jpg 696w, https:\/\/www.bibelmuseum.no\/wordpress\/wp-content\/uploads\/2013\/11\/Drusernes-shuaibs-grav-ved-Tiberias-608x420.jpg 608w, https:\/\/www.bibelmuseum.no\/wordpress\/wp-content\/uploads\/2013\/11\/Drusernes-shuaibs-grav-ved-Tiberias-100x70.jpg 100w, https:\/\/www.bibelmuseum.no\/wordpress\/wp-content\/uploads\/2013\/11\/Drusernes-shuaibs-grav-ved-Tiberias.jpg 800w\" sizes=\"auto, (max-width: 300px) 100vw, 300px\" \/><\/a><figcaption id=\"caption-attachment-131\" class=\"wp-caption-text\">Drusernes shuaibs grav ved Tiberias<\/figcaption><\/figure>\n","protected":false},"excerpt":{"rendered":"<p>Eller Yithrow, yith-ro&#8217;; from yether p\u00e5 hebraisk. I 2.Mos; 2:18 og 4 Mos 10,29 blir han ogs\u00e5 kalt Re&#8217;uel fra Midjan: &#8220;N\u00e5 bryter vi opp og drar til det stedet som Herren sa at han ville gi oss. Re`uw&#8217;el, reh-oo-ale&#8217;betyr venn av Gud. Det var ikke uvanlig at man f\u00e5r tilleggsnavn som \u00e6resbevisninger. Bibelen forteller [&hellip;]<\/p>\n","protected":false},"author":1,"featured_media":3000,"comment_status":"open","ping_status":"open","sticky":false,"template":"","format":"standard","meta":{"footnotes":""},"categories":[12,7],"tags":[],"class_list":{"0":"post-130","1":"post","2":"type-post","3":"status-publish","4":"format-standard","5":"has-post-thumbnail","7":"category-det-gamle-testamentet","8":"category-personer"},"amp_enabled":true,"_links":{"self":[{"href":"https:\/\/www.bibelmuseum.no\/wordpress\/wp-json\/wp\/v2\/posts\/130","targetHints":{"allow":["GET"]}}],"collection":[{"href":"https:\/\/www.bibelmuseum.no\/wordpress\/wp-json\/wp\/v2\/posts"}],"about":[{"href":"https:\/\/www.bibelmuseum.no\/wordpress\/wp-json\/wp\/v2\/types\/post"}],"author":[{"embeddable":true,"href":"https:\/\/www.bibelmuseum.no\/wordpress\/wp-json\/wp\/v2\/users\/1"}],"replies":[{"embeddable":true,"href":"https:\/\/www.bibelmuseum.no\/wordpress\/wp-json\/wp\/v2\/comments?post=130"}],"version-history":[{"count":5,"href":"https:\/\/www.bibelmuseum.no\/wordpress\/wp-json\/wp\/v2\/posts\/130\/revisions"}],"predecessor-version":[{"id":3001,"href":"https:\/\/www.bibelmuseum.no\/wordpress\/wp-json\/wp\/v2\/posts\/130\/revisions\/3001"}],"wp:featuredmedia":[{"embeddable":true,"href":"https:\/\/www.bibelmuseum.no\/wordpress\/wp-json\/wp\/v2\/media\/3000"}],"wp:attachment":[{"href":"https:\/\/www.bibelmuseum.no\/wordpress\/wp-json\/wp\/v2\/media?parent=130"}],"wp:term":[{"taxonomy":"category","embeddable":true,"href":"https:\/\/www.bibelmuseum.no\/wordpress\/wp-json\/wp\/v2\/categories?post=130"},{"taxonomy":"post_tag","embeddable":true,"href":"https:\/\/www.bibelmuseum.no\/wordpress\/wp-json\/wp\/v2\/tags?post=130"}],"curies":[{"name":"wp","href":"https:\/\/api.w.org\/{rel}","templated":true}]}}