{"id":1108,"date":"2014-03-24T20:20:11","date_gmt":"2014-03-24T20:20:11","guid":{"rendered":"https:\/\/www.bibelmuseum.no\/wordpress\/?p=1108"},"modified":"2023-01-29T11:50:58","modified_gmt":"2023-01-29T11:50:58","slug":"landshovdingen-festus","status":"publish","type":"post","link":"https:\/\/www.bibelmuseum.no\/wordpress\/landshovdingen-festus\/","title":{"rendered":"Landsh\u00f8vdingen Festus"},"content":{"rendered":"<p><strong>Hans fulle navn var Festus Porcius. Han etterfulgte Felix som guvern\u00f8r i Judea fra 58 &#8211; 62 AD. Han fikk bare to \u00e5r i denne tjenesten, for han d\u00f8de i \u00e5r 62. Han arvet en fange fra sin forgjenger Felix. Fangen satt fengslet i C\u00e6sarea og het Paulus. Han hentet fram Paulus for \u00e5 unders\u00f8ke hans sak. Med seg i denne h\u00f8ringen hadde han ogs\u00e5 Kong Agrippa og hans Berenice. Berenike var kong Agrippas bror. De var begge barn av den tidligere kong Herodes Agrippa I (barnebarn av Herodes den store), som beordret halshuggingen av Jesu disippel Jakob. Berenike var p\u00e5 dette tidspunktet enke for annen gang.<\/strong><\/p>\n<figure id=\"attachment_1109\" aria-describedby=\"caption-attachment-1109\" style=\"width: 195px\" class=\"wp-caption alignleft\"><a href=\"http:\/\/www.bibelmuseum.no\/wordpress\/wp-content\/uploads\/2014\/03\/Procurator-Porcius-Festus-under-Roman-Emperor-Nero.jpg\"><img loading=\"lazy\" decoding=\"async\" class=\"size-full wp-image-1109\" src=\"http:\/\/www.bibelmuseum.no\/wordpress\/wp-content\/uploads\/2014\/03\/Procurator-Porcius-Festus-under-Roman-Emperor-Nero.jpg\" alt=\"Procurator Porcius Festus under Roman Emperor Nero\" width=\"195\" height=\"200\" srcset=\"https:\/\/www.bibelmuseum.no\/wordpress\/wp-content\/uploads\/2014\/03\/Procurator-Porcius-Festus-under-Roman-Emperor-Nero.jpg 195w, https:\/\/www.bibelmuseum.no\/wordpress\/wp-content\/uploads\/2014\/03\/Procurator-Porcius-Festus-under-Roman-Emperor-Nero-150x154.jpg 150w\" sizes=\"auto, (max-width: 195px) 100vw, 195px\" \/><\/a><figcaption id=\"caption-attachment-1109\" class=\"wp-caption-text\">Mynt preget med prokurator Festus sitt navn. I tjeneste under keiser Nero.<\/figcaption><\/figure>\n<p><b>Bibelen forteller f\u00f8lgene detaljert om Festus \u00a0 \u00a0 \u00a0 \u00a0 \u00a0 \u00a0 \u00a0 \u00a0 \u00a0 \u00a0 \u00a0 \u00a0 \u00a0 \u00a0 \u00a0 \u00a0 \u00a0 \u00a0 \u00a0 \u00a0 \u00a0 \u00a0 \u00a0 \u00a0 \u00a0 \u00a0 \u00a0 \u00a0 \u00a0 \u00a0 \u00a0 \u00a0 \u00a0 \u00a0 \u00a0 \u00a0 \u00a0<\/b>\u00abMen etter to \u00e5r ble Felix etterfulgt av Porkius Festus. \u2026..Da Festus var kommet til provinsen, dro han etter tre dager opp fra C\u00e6sarea til Jerusalem. \u00d8verstepresten og de fremste menn blant j\u00f8dene kom da til ham med anklager mot Paulus. Og de anmodet ham og ba ham om den n\u00e5dige velvilje at han ville kalle ham til Jerusalem, mens de l\u00e5 i bakhold langs veien for \u00e5 drepe ham. Men Festus svarte at Paulus skulle holdes i C\u00e6sarea, og at han selv skulle dra dit om kort tid. S\u00e5 sa han: \u00abLa derfor dem som har myndighet blant dere, dra ned med meg og anklage denne mannen, for \u00e5 se om det er noe galt med ham. \u00bbOg da han hadde v\u00e6rt hos dem i mer enn ti dager, dro han ned til C\u00e6sarea. Og dagen etter satte han seg p\u00e5 dommersetet og ga ordre om at Paulus skulle f\u00f8res fram.<b><\/b><\/p>\n<p>Og etter noen dager kom kong Agrippa og og hans s\u00f8ster Berenike til C\u00e6sarea for \u00e5 hilse p\u00e5 Festus.<\/p>\n<p>Festus var ivrig etter \u00e5 r\u00e5df\u00f8re seg med kong Agrippa og forteller : <i>Det er en mann her som Felix lot v\u00e6re igjen som fange. Da jeg var i Jerusalem, kom \u00f8versteprestene og j\u00f8denes eldste til meg med anklage mot ham og ba om en dom imot ham. Jeg svarte dem: Det er ikke skikk blant romerne \u00e5 overgi noe menneske til henrettelse f\u00f8r den som er anklaget f\u00e5r m\u00f8te anklagerne ansikt til ansikt og har f\u00e5tt anledning til \u00e5 forsvare seg mot anklagen imot ham. Da de var kommet sammen, satte jeg meg derfor p\u00e5 dommersetet dagen etter, uten \u00e5 utsette saken, og jeg befalte at mannen skulle f\u00f8res inn. Da anklagerne sto fram, kom de ikke med noen anklage mot ham om slike ting som jeg hadde trodd, men de hadde noen sp\u00f8rsm\u00e5l til ham om deres egen gudsdyrkelse og om en Jesus som var d\u00f8d, men som Paulus p\u00e5sto var i live. Og fordi jeg var usikker i slike sp\u00f8rsm\u00e5l, spurte jeg om han var villig til \u00e5 dra til Jerusalem og bli d\u00f8mt i disse sakene der. Men da Paulus anket for \u00e5 f\u00e5 saken sin avgjort av Augustus, befalte jeg at han skulle holdes som fange her til jeg kunne sende ham til keiseren.<\/i> \u00bb<\/p>\n<p>Da sa Agrippa til Festus: \u00abJ<i>eg kunne ogs\u00e5 \u00f8nske \u00e5 h\u00f8re denne mannen selv. \u00bb \u00abI morgen<\/i>,\u00bb sa han, \u00ab<i>skal du f\u00e5 h\u00f8re ham.<\/i> \u00bb<\/p>\n<figure id=\"attachment_1110\" aria-describedby=\"caption-attachment-1110\" style=\"width: 250px\" class=\"wp-caption alignleft\"><a href=\"http:\/\/www.bibelmuseum.no\/wordpress\/wp-content\/uploads\/2014\/03\/250px-Coin_of_Porcius_Festus.jpg\"><img loading=\"lazy\" decoding=\"async\" class=\"size-full wp-image-1110 \" src=\"http:\/\/www.bibelmuseum.no\/wordpress\/wp-content\/uploads\/2014\/03\/250px-Coin_of_Porcius_Festus.jpg\" alt=\"250px-Coin_of_Porcius_Festus\" width=\"250\" height=\"132\" srcset=\"https:\/\/www.bibelmuseum.no\/wordpress\/wp-content\/uploads\/2014\/03\/250px-Coin_of_Porcius_Festus.jpg 250w, https:\/\/www.bibelmuseum.no\/wordpress\/wp-content\/uploads\/2014\/03\/250px-Coin_of_Porcius_Festus-150x79.jpg 150w\" sizes=\"auto, (max-width: 250px) 100vw, 250px\" \/><\/a><figcaption id=\"caption-attachment-1110\" class=\"wp-caption-text\">Flere mynter som b\u00e6rer Porcius Festus sitt navn<\/figcaption><\/figure>\n<p><b>Festus trengte noe \u00e5 skrive om til keiseren \u00a0 \u00a0 \u00a0 \u00a0 \u00a0 \u00a0 \u00a0 \u00a0 \u00a0 \u00a0 \u00a0 \u00a0 \u00a0 \u00a0 \u00a0 \u00a0 \u00a0 \u00a0 \u00a0 \u00a0 \u00a0 \u00a0 \u00a0 \u00a0 \u00a0 \u00a0 \u00a0 \u00a0 \u00a0 \u00a0 \u00a0 \u00a0 \u00a0\u00a0<\/b>\u00abDagen etter, da Agrippa og Berenike med stor stas var kommet inn i rettssalen sammen med kommandantene og de fremste menn i byen, ble Paulus f\u00f8rt inn p\u00e5 befaling fra Festus. Og Festus sa: \u00abKong Agrippa og alle dere menn som er her sammen med oss! Dere ser denne mannen som hele j\u00f8denes forsamling b\u00e5de i Jerusalem og her har henvendt seg til meg om. De ropte at han ikke var skikket til \u00e5 leve lenger. Men da jeg fant ut at han ikke hadde gjort noe som fortjente d\u00f8den, og da han selv hadde anket til Augustus, bestemte jeg meg for \u00e5 sende ham dit. Jeg har ikke noe sikkert \u00e5 skrive til min herre om ham. Derfor har jeg f\u00f8rt ham ut hit til dere, og s\u00e6rlig til deg, kong Agrippa, slik at jeg kan ha noe \u00e5 skrive etter at forh\u00f8ret har funnet sted. For det synes meg urimelig \u00e5 oversende en fange uten \u00e5 gi n\u00f8ye opplysning om hva som er anklagene mot ham. \u00bb Da sa Agrippa til Paulus: \u00abDu har n\u00e5 tillatelse til \u00e5 tale for deg selv. \u00bb Da rakte Paulus ut h\u00e5nden og forsvarte seg selv slik: \u00abJeg priser meg lykkelig, kong Agrippa, fordi det er deg jeg i dag skal forsvare meg for om alt jeg er anklaget for av j\u00f8dene. <b><\/b><\/p>\n<p><b>Paulus forteller deretter om sin forf\u00f8lgelse av de kristne og om sin omvendelse<\/b><\/p>\n<p>Han avslutter med \u00e5 fortelle om kallet han fikk: \u00ab<i>Du skal \u00e5pne \u00f8ynene deres s\u00e5 de vender seg fra m\u00f8rke til lys og fra Satans makt til Gud, s\u00e5 de kan f\u00e5 syndenes tilgivelse og en arv blant dem som er helliget ved troen p\u00e5 Meg. \u00bb<\/i><i> <\/i><i>Derfor, kong Agrippa, ble jeg ikke ulydig mot det himmelske syn, men jeg forkynte f\u00f8rst for dem i Damaskus og i Jerusalem og over hele Judea- omr\u00e5det og s\u00e5 for hedningefolkene, at de skulle f\u00e5 et nytt sinn, vende om til Gud og gj\u00f8re gjerninger som er omvendelsen verdig. P\u00e5 grunn av alt dette grep j\u00f8dene meg i templet og pr\u00f8vde \u00e5 drepe meg. Etter \u00e5 ha f\u00e5tt hjelp fra Gud, st\u00e5r jeg derfor p\u00e5 denne dag og vitner b\u00e5de for liten og stor, uten \u00e5 si noe annet enn det som profetene og Moses sa skulle komme, at Kristus skulle lide, at Han skulle v\u00e6re den f\u00f8rste til \u00e5 st\u00e5 opp fra de d\u00f8de, og at han skulle forkynne lyset for folket og for hedningefolk<\/i>. \u00bb<\/p>\n<p><b>Da han forsvarte seg p\u00e5 denne m\u00e5ten, sa Festus med h\u00f8y r\u00f8st:\u00ab Paulus, du er fra forstanden! Din store l\u00e6rdom driver deg til galskap! \u00bbMen Paulus svarte: \u00abJeg er ikke gal, h\u00f8yst \u00e6rede Festus, men taler sanne og fornuftige ord. For kongen, som jeg ogs\u00e5 taler til med frimodighet, kjenner til alt dette. Jeg er overbevist om at ikke noe av alt dette har unng\u00e5tt hans oppmerksomhet, for det har ikke funnet sted i en avkrok. Kong Agrippa, tror du p\u00e5 profetene? Jeg vet at du tror. \u00bb<\/b><\/p>\n<p><b>Da sa Agrippa til Paulus:\u00abDu overtaler meg nesten til \u00e5 bli en kristen. \u00bb<\/b><\/p>\n<p>Etter en dialog med kong Agrippa st\u00e5r det, \u00abreiste kongen seg. Det samme gjorde ogs\u00e5 landsh\u00f8vdingen og Berenike og de som satt sammen med dem. Og da de hadde g\u00e5tt avsides, snakket de seg imellom og sa: \u00abDenne mannen har ikke gjort noe som fortjener d\u00f8d eller lenker. Da sa Agrippa til Festus: \u00abDenne mannen kunne v\u00e6rt satt fri om han ikke hadde anket til keiseren. \u00bb<\/p>\n<p>Agrippa ble nok aldri en kristen. Han var p\u00e5 romernes side da Jerusalem ble \u00f8delagt i \u00e5r 70. Berenike ble senere, i f\u00f8lge historien, elskerinnen til keiserens s\u00f8nn. Han het Titus. Det var han som inntok Jerusalem i \u00e5r 70, da tempelet ble satt i flammer.<\/p>\n<p>Festus kom i krangel med prestene i Jerusalem da han ville bygge en spisesal i guvern\u00f8rens hus, som hadde utsikt over tempelplassen. Prestene satte opp en h\u00f8yere mur, som tok bort utsikten. Keiseren selv skal ha st\u00f8ttet prestene, og tilbakekalte Festus til Roma og ingen vet hva som senere skjedde med han. Men if\u00f8lge den j\u00f8diske historieskriveren Josephus d\u00f8de Festus \u00a0i Judea.<\/p>\n<p>Men Paulus ble deportert til Rom f\u00f8rste \u00e5ret Festus var i Judea og var p\u00e5 tidspunktet forlengst kommet til Roma.<\/p>\n","protected":false},"excerpt":{"rendered":"<p>Hans fulle navn var Festus Porcius. Han etterfulgte Felix som guvern\u00f8r i Judea fra 58 &#8211; 62 AD. Han fikk bare to \u00e5r i denne tjenesten, for han d\u00f8de i \u00e5r 62. Han arvet en fange fra sin forgjenger Felix. Fangen satt fengslet i C\u00e6sarea og het Paulus. Han hentet fram Paulus for \u00e5 unders\u00f8ke [&hellip;]<\/p>\n","protected":false},"author":2,"featured_media":3014,"comment_status":"open","ping_status":"open","sticky":false,"template":"","format":"standard","meta":{"footnotes":""},"categories":[14,7],"tags":[],"class_list":{"0":"post-1108","1":"post","2":"type-post","3":"status-publish","4":"format-standard","5":"has-post-thumbnail","7":"category-det-nye-testamentet","8":"category-personer"},"amp_enabled":true,"_links":{"self":[{"href":"https:\/\/www.bibelmuseum.no\/wordpress\/wp-json\/wp\/v2\/posts\/1108","targetHints":{"allow":["GET"]}}],"collection":[{"href":"https:\/\/www.bibelmuseum.no\/wordpress\/wp-json\/wp\/v2\/posts"}],"about":[{"href":"https:\/\/www.bibelmuseum.no\/wordpress\/wp-json\/wp\/v2\/types\/post"}],"author":[{"embeddable":true,"href":"https:\/\/www.bibelmuseum.no\/wordpress\/wp-json\/wp\/v2\/users\/2"}],"replies":[{"embeddable":true,"href":"https:\/\/www.bibelmuseum.no\/wordpress\/wp-json\/wp\/v2\/comments?post=1108"}],"version-history":[{"count":7,"href":"https:\/\/www.bibelmuseum.no\/wordpress\/wp-json\/wp\/v2\/posts\/1108\/revisions"}],"predecessor-version":[{"id":3015,"href":"https:\/\/www.bibelmuseum.no\/wordpress\/wp-json\/wp\/v2\/posts\/1108\/revisions\/3015"}],"wp:featuredmedia":[{"embeddable":true,"href":"https:\/\/www.bibelmuseum.no\/wordpress\/wp-json\/wp\/v2\/media\/3014"}],"wp:attachment":[{"href":"https:\/\/www.bibelmuseum.no\/wordpress\/wp-json\/wp\/v2\/media?parent=1108"}],"wp:term":[{"taxonomy":"category","embeddable":true,"href":"https:\/\/www.bibelmuseum.no\/wordpress\/wp-json\/wp\/v2\/categories?post=1108"},{"taxonomy":"post_tag","embeddable":true,"href":"https:\/\/www.bibelmuseum.no\/wordpress\/wp-json\/wp\/v2\/tags?post=1108"}],"curies":[{"name":"wp","href":"https:\/\/api.w.org\/{rel}","templated":true}]}}